{"id":403,"date":"2025-06-25T13:01:00","date_gmt":"2025-06-25T11:01:00","guid":{"rendered":"https:\/\/trad.hornstaging.no\/?p=403"},"modified":"2026-01-26T10:56:39","modified_gmt":"2026-01-26T09:56:39","slug":"trad-opens-office-in-oslo","status":"publish","type":"post","link":"https:\/\/tekraad.no\/en\/aktuelt\/trad-apner-kontor-i-oslo\/","title":{"rendered":"TR\u00c5D opens office in Oslo"},"content":{"rendered":"<p>From 1 August, we are expanding our team even further, and we are proud that \u00d8yvind Wandsvik is joining us! \u00d8yvind brings strong expertise and extensive experience in culture and communication technology, and will be opening our Oslo department \ud83d\ude42<\/p>\n\n\n\n<p>We look forward to the journey ahead with \u00d8yvind on board.<\/p>\n\n\n\n<p><strong>Welcome!!<\/strong><\/p>","protected":false},"excerpt":{"rendered":"<p>From 1 August 2024, TR\u00c5D AS expands its team with \u00d8yvind Wandsvik, an expert in culture and communication technology. He will lead the new Oslo branch, bringing extensive experience.<\/p>","protected":false},"author":1,"featured_media":411,"comment_status":"open","ping_status":"open","sticky":false,"template":"","format":"standard","meta":{"_acf_changed":false,"footnotes":""},"categories":[1],"tags":[17],"class_list":["post-403","post","type-post","status-publish","format-standard","has-post-thumbnail","hentry","category-aktuelt","tag-et-bilde"],"acf":[],"yoast_head":"<!-- This site is optimized with the Yoast SEO plugin v27.3 - https:\/\/yoast.com\/product\/yoast-seo-wordpress\/ -->\n<title>TR\u00c5D \u00e5pner nytt kontor i Oslo med \u00d8yvind Wandsvik<\/title>\n<meta name=\"description\" content=\"Fra 1. august \u00e5pner TR\u00c5D AS Oslo-kontor med \u00d8yvind Wandsvik i spissen \u2013 ekspert p\u00e5 kultur- og formidlingsteknologi.\" \/>\n<meta name=\"robots\" content=\"index, follow, max-snippet:-1, max-image-preview:large, max-video-preview:-1\" \/>\n<link rel=\"canonical\" href=\"https:\/\/tekraad.no\/en\/news\/trad-opens-office-in-oslo\/\" \/>\n<meta property=\"og:locale\" content=\"en_GB\" \/>\n<meta property=\"og:type\" content=\"article\" \/>\n<meta property=\"og:title\" content=\"TR\u00c5D \u00e5pner nytt kontor i Oslo med \u00d8yvind Wandsvik\" \/>\n<meta property=\"og:description\" content=\"Fra 1. august \u00e5pner TR\u00c5D AS Oslo-kontor med \u00d8yvind Wandsvik i spissen \u2013 ekspert p\u00e5 kultur- og formidlingsteknologi.\" \/>\n<meta property=\"og:url\" content=\"https:\/\/tekraad.no\/en\/news\/trad-opens-office-in-oslo\/\" \/>\n<meta property=\"og:site_name\" content=\"TR\u00c5D AS\" \/>\n<meta property=\"article:publisher\" content=\"https:\/\/www.facebook.com\/traadface\/?locale=nb_NO\" \/>\n<meta property=\"article:published_time\" content=\"2025-06-25T11:01:00+00:00\" \/>\n<meta property=\"article:modified_time\" content=\"2026-01-26T09:56:39+00:00\" \/>\n<meta property=\"og:image\" content=\"https:\/\/tekraad.no\/wp-content\/uploads\/2025\/11\/DSC2876-1-scaled-e1759823329765.jpg\" \/>\n\t<meta property=\"og:image:width\" content=\"1680\" \/>\n\t<meta property=\"og:image:height\" content=\"2060\" \/>\n\t<meta property=\"og:image:type\" content=\"image\/jpeg\" \/>\n<meta name=\"author\" content=\"Ida Christine\" \/>\n<meta name=\"twitter:card\" content=\"summary_large_image\" \/>\n<meta name=\"twitter:label1\" content=\"Written by\" \/>\n\t<meta name=\"twitter:data1\" content=\"Ida Christine\" \/>\n\t<meta name=\"twitter:label2\" content=\"Estimated reading time\" \/>\n\t<meta name=\"twitter:data2\" content=\"1 minute\" \/>\n<script type=\"application\/ld+json\" class=\"yoast-schema-graph\">{\"@context\":\"https:\\\/\\\/schema.org\",\"@graph\":[{\"@type\":\"Article\",\"@id\":\"https:\\\/\\\/tekraad.no\\\/aktuelt\\\/trad-apner-kontor-i-oslo\\\/#article\",\"isPartOf\":{\"@id\":\"https:\\\/\\\/tekraad.no\\\/aktuelt\\\/trad-apner-kontor-i-oslo\\\/\"},\"author\":{\"name\":\"Ida Christine\",\"@id\":\"https:\\\/\\\/tekraad.no\\\/#\\\/schema\\\/person\\\/73c8db93eef1841625b401429b342551\"},\"headline\":\"TR\u00c5D \u00e5pner kontor i Oslo\",\"datePublished\":\"2025-06-25T11:01:00+00:00\",\"dateModified\":\"2026-01-26T09:56:39+00:00\",\"mainEntityOfPage\":{\"@id\":\"https:\\\/\\\/tekraad.no\\\/aktuelt\\\/trad-apner-kontor-i-oslo\\\/\"},\"wordCount\":53,\"commentCount\":0,\"publisher\":{\"@id\":\"https:\\\/\\\/tekraad.no\\\/#organization\"},\"image\":{\"@id\":\"https:\\\/\\\/tekraad.no\\\/aktuelt\\\/trad-apner-kontor-i-oslo\\\/#primaryimage\"},\"thumbnailUrl\":\"https:\\\/\\\/tekraad.no\\\/wp-content\\\/uploads\\\/2025\\\/11\\\/DSC2876-1-scaled-e1759823329765.jpg\",\"keywords\":[\"Et bilde\"],\"articleSection\":[\"Aktuelt\"],\"inLanguage\":\"en-GB\",\"potentialAction\":[{\"@type\":\"CommentAction\",\"name\":\"Comment\",\"target\":[\"https:\\\/\\\/tekraad.no\\\/aktuelt\\\/trad-apner-kontor-i-oslo\\\/#respond\"]}]},{\"@type\":\"WebPage\",\"@id\":\"https:\\\/\\\/tekraad.no\\\/aktuelt\\\/trad-apner-kontor-i-oslo\\\/\",\"url\":\"https:\\\/\\\/tekraad.no\\\/aktuelt\\\/trad-apner-kontor-i-oslo\\\/\",\"name\":\"TR\u00c5D \u00e5pner nytt kontor i Oslo med \u00d8yvind Wandsvik\",\"isPartOf\":{\"@id\":\"https:\\\/\\\/tekraad.no\\\/#website\"},\"primaryImageOfPage\":{\"@id\":\"https:\\\/\\\/tekraad.no\\\/aktuelt\\\/trad-apner-kontor-i-oslo\\\/#primaryimage\"},\"image\":{\"@id\":\"https:\\\/\\\/tekraad.no\\\/aktuelt\\\/trad-apner-kontor-i-oslo\\\/#primaryimage\"},\"thumbnailUrl\":\"https:\\\/\\\/tekraad.no\\\/wp-content\\\/uploads\\\/2025\\\/11\\\/DSC2876-1-scaled-e1759823329765.jpg\",\"datePublished\":\"2025-06-25T11:01:00+00:00\",\"dateModified\":\"2026-01-26T09:56:39+00:00\",\"description\":\"Fra 1. august \u00e5pner TR\u00c5D AS Oslo-kontor med \u00d8yvind Wandsvik i spissen \u2013 ekspert p\u00e5 kultur- og formidlingsteknologi.\",\"breadcrumb\":{\"@id\":\"https:\\\/\\\/tekraad.no\\\/aktuelt\\\/trad-apner-kontor-i-oslo\\\/#breadcrumb\"},\"inLanguage\":\"en-GB\",\"potentialAction\":[{\"@type\":\"ReadAction\",\"target\":[\"https:\\\/\\\/tekraad.no\\\/aktuelt\\\/trad-apner-kontor-i-oslo\\\/\"]}]},{\"@type\":\"ImageObject\",\"inLanguage\":\"en-GB\",\"@id\":\"https:\\\/\\\/tekraad.no\\\/aktuelt\\\/trad-apner-kontor-i-oslo\\\/#primaryimage\",\"url\":\"https:\\\/\\\/tekraad.no\\\/wp-content\\\/uploads\\\/2025\\\/11\\\/DSC2876-1-scaled-e1759823329765.jpg\",\"contentUrl\":\"https:\\\/\\\/tekraad.no\\\/wp-content\\\/uploads\\\/2025\\\/11\\\/DSC2876-1-scaled-e1759823329765.jpg\",\"width\":1680,\"height\":2060,\"caption\":\"En mann med kort, gr\u00e5sprengt h\u00e5r og skjegg sitter p\u00e5 en tretrapp utend\u00f8rs. Han er if\u00f8rt en svart polo-skjorte med \\\"TR\u00c5D\\\"-logo og har et fargerikt perlearmb\u00e5nd p\u00e5 h\u00e5ndleddet. En hvit murbygning med \u00e5rstallet 1877 ses i bakgrunnen.\"},{\"@type\":\"BreadcrumbList\",\"@id\":\"https:\\\/\\\/tekraad.no\\\/aktuelt\\\/trad-apner-kontor-i-oslo\\\/#breadcrumb\",\"itemListElement\":[{\"@type\":\"ListItem\",\"position\":1,\"name\":\"Hjem\",\"item\":\"https:\\\/\\\/tekraad.no\\\/\"},{\"@type\":\"ListItem\",\"position\":2,\"name\":\"TR\u00c5D \u00e5pner kontor i Oslo\"}]},{\"@type\":\"WebSite\",\"@id\":\"https:\\\/\\\/tekraad.no\\\/#website\",\"url\":\"https:\\\/\\\/tekraad.no\\\/\",\"name\":\"TR\u00c5D AS\",\"description\":\"Teknisk r\u00e5dgivning innen lyd, lys, bilde og scene\",\"publisher\":{\"@id\":\"https:\\\/\\\/tekraad.no\\\/#organization\"},\"alternateName\":\"TR\u00c5D AS\",\"potentialAction\":[{\"@type\":\"SearchAction\",\"target\":{\"@type\":\"EntryPoint\",\"urlTemplate\":\"https:\\\/\\\/tekraad.no\\\/?s={search_term_string}\"},\"query-input\":{\"@type\":\"PropertyValueSpecification\",\"valueRequired\":true,\"valueName\":\"search_term_string\"}}],\"inLanguage\":\"en-GB\"},{\"@type\":\"Organization\",\"@id\":\"https:\\\/\\\/tekraad.no\\\/#organization\",\"name\":\"TR\u00c5D AS\",\"alternateName\":\"TR\u00c5D AS\",\"url\":\"https:\\\/\\\/tekraad.no\\\/\",\"logo\":{\"@type\":\"ImageObject\",\"inLanguage\":\"en-GB\",\"@id\":\"https:\\\/\\\/tekraad.no\\\/#\\\/schema\\\/logo\\\/image\\\/\",\"url\":\"https:\\\/\\\/tekraad.no\\\/wp-content\\\/uploads\\\/2025\\\/10\\\/Logo-hvit-tekst-u-bakgrunn-e1763987293366.png\",\"contentUrl\":\"https:\\\/\\\/tekraad.no\\\/wp-content\\\/uploads\\\/2025\\\/10\\\/Logo-hvit-tekst-u-bakgrunn-e1763987293366.png\",\"width\":1450,\"height\":602,\"caption\":\"TR\u00c5D AS\"},\"image\":{\"@id\":\"https:\\\/\\\/tekraad.no\\\/#\\\/schema\\\/logo\\\/image\\\/\"},\"sameAs\":[\"https:\\\/\\\/www.facebook.com\\\/traadface\\\/?locale=nb_NO\",\"https:\\\/\\\/no.linkedin.com\\\/company\\\/tekraad\"]},{\"@type\":\"Person\",\"@id\":\"https:\\\/\\\/tekraad.no\\\/#\\\/schema\\\/person\\\/73c8db93eef1841625b401429b342551\",\"name\":\"Ida Christine\",\"image\":{\"@type\":\"ImageObject\",\"inLanguage\":\"en-GB\",\"@id\":\"https:\\\/\\\/secure.gravatar.com\\\/avatar\\\/46bf5731d6e5f54c2b451c4f4c6756ccc3a79bfb90b2abd1e0bf3cea153cb2c8?s=96&d=mm&r=g\",\"url\":\"https:\\\/\\\/secure.gravatar.com\\\/avatar\\\/46bf5731d6e5f54c2b451c4f4c6756ccc3a79bfb90b2abd1e0bf3cea153cb2c8?s=96&d=mm&r=g\",\"contentUrl\":\"https:\\\/\\\/secure.gravatar.com\\\/avatar\\\/46bf5731d6e5f54c2b451c4f4c6756ccc3a79bfb90b2abd1e0bf3cea153cb2c8?s=96&d=mm&r=g\",\"caption\":\"Ida Christine\"},\"sameAs\":[\"https:\\\/\\\/trad.hornstaging.no\"],\"url\":\"https:\\\/\\\/tekraad.no\\\/en\\\/author\\\/ida-christine\\\/\"}]}<\/script>\n<!-- \/ Yoast SEO plugin. -->","yoast_head_json":{"title":"TR\u00c5D opens a new office in Oslo with \u00d8yvind Wandsvik","description":"From 1 August, TR\u00c5D AS is opening its Oslo office, led by \u00d8yvind Wandsvik \u2013 an expert in culture and communication technology.","robots":{"index":"index","follow":"follow","max-snippet":"max-snippet:-1","max-image-preview":"max-image-preview:large","max-video-preview":"max-video-preview:-1"},"canonical":"https:\/\/tekraad.no\/en\/news\/trad-opens-office-in-oslo\/","og_locale":"en_GB","og_type":"article","og_title":"TR\u00c5D \u00e5pner nytt kontor i Oslo med \u00d8yvind Wandsvik","og_description":"Fra 1. august \u00e5pner TR\u00c5D AS Oslo-kontor med \u00d8yvind Wandsvik i spissen \u2013 ekspert p\u00e5 kultur- og formidlingsteknologi.","og_url":"https:\/\/tekraad.no\/en\/news\/trad-opens-office-in-oslo\/","og_site_name":"TR\u00c5D AS","article_publisher":"https:\/\/www.facebook.com\/traadface\/?locale=nb_NO","article_published_time":"2025-06-25T11:01:00+00:00","article_modified_time":"2026-01-26T09:56:39+00:00","og_image":[{"width":1680,"height":2060,"url":"https:\/\/tekraad.no\/wp-content\/uploads\/2025\/11\/DSC2876-1-scaled-e1759823329765.jpg","type":"image\/jpeg"}],"author":"Ida Christine","twitter_card":"summary_large_image","twitter_misc":{"Written by":"Ida Christine","Estimated reading time":"1 minute"},"schema":{"@context":"https:\/\/schema.org","@graph":[{"@type":"Article","@id":"https:\/\/tekraad.no\/aktuelt\/trad-apner-kontor-i-oslo\/#article","isPartOf":{"@id":"https:\/\/tekraad.no\/aktuelt\/trad-apner-kontor-i-oslo\/"},"author":{"name":"Ida Christine","@id":"https:\/\/tekraad.no\/#\/schema\/person\/73c8db93eef1841625b401429b342551"},"headline":"TR\u00c5D \u00e5pner kontor i Oslo","datePublished":"2025-06-25T11:01:00+00:00","dateModified":"2026-01-26T09:56:39+00:00","mainEntityOfPage":{"@id":"https:\/\/tekraad.no\/aktuelt\/trad-apner-kontor-i-oslo\/"},"wordCount":53,"commentCount":0,"publisher":{"@id":"https:\/\/tekraad.no\/#organization"},"image":{"@id":"https:\/\/tekraad.no\/aktuelt\/trad-apner-kontor-i-oslo\/#primaryimage"},"thumbnailUrl":"https:\/\/tekraad.no\/wp-content\/uploads\/2025\/11\/DSC2876-1-scaled-e1759823329765.jpg","keywords":["Et bilde"],"articleSection":["Aktuelt"],"inLanguage":"en-GB","potentialAction":[{"@type":"CommentAction","name":"Comment","target":["https:\/\/tekraad.no\/aktuelt\/trad-apner-kontor-i-oslo\/#respond"]}]},{"@type":"WebPage","@id":"https:\/\/tekraad.no\/aktuelt\/trad-apner-kontor-i-oslo\/","url":"https:\/\/tekraad.no\/aktuelt\/trad-apner-kontor-i-oslo\/","name":"TR\u00c5D opens a new office in Oslo with \u00d8yvind Wandsvik","isPartOf":{"@id":"https:\/\/tekraad.no\/#website"},"primaryImageOfPage":{"@id":"https:\/\/tekraad.no\/aktuelt\/trad-apner-kontor-i-oslo\/#primaryimage"},"image":{"@id":"https:\/\/tekraad.no\/aktuelt\/trad-apner-kontor-i-oslo\/#primaryimage"},"thumbnailUrl":"https:\/\/tekraad.no\/wp-content\/uploads\/2025\/11\/DSC2876-1-scaled-e1759823329765.jpg","datePublished":"2025-06-25T11:01:00+00:00","dateModified":"2026-01-26T09:56:39+00:00","description":"From 1 August, TR\u00c5D AS is opening its Oslo office, led by \u00d8yvind Wandsvik \u2013 an expert in culture and communication technology.","breadcrumb":{"@id":"https:\/\/tekraad.no\/aktuelt\/trad-apner-kontor-i-oslo\/#breadcrumb"},"inLanguage":"en-GB","potentialAction":[{"@type":"ReadAction","target":["https:\/\/tekraad.no\/aktuelt\/trad-apner-kontor-i-oslo\/"]}]},{"@type":"ImageObject","inLanguage":"en-GB","@id":"https:\/\/tekraad.no\/aktuelt\/trad-apner-kontor-i-oslo\/#primaryimage","url":"https:\/\/tekraad.no\/wp-content\/uploads\/2025\/11\/DSC2876-1-scaled-e1759823329765.jpg","contentUrl":"https:\/\/tekraad.no\/wp-content\/uploads\/2025\/11\/DSC2876-1-scaled-e1759823329765.jpg","width":1680,"height":2060,"caption":"En mann med kort, gr\u00e5sprengt h\u00e5r og skjegg sitter p\u00e5 en tretrapp utend\u00f8rs. Han er if\u00f8rt en svart polo-skjorte med \"TR\u00c5D\"-logo og har et fargerikt perlearmb\u00e5nd p\u00e5 h\u00e5ndleddet. En hvit murbygning med \u00e5rstallet 1877 ses i bakgrunnen."},{"@type":"BreadcrumbList","@id":"https:\/\/tekraad.no\/aktuelt\/trad-apner-kontor-i-oslo\/#breadcrumb","itemListElement":[{"@type":"ListItem","position":1,"name":"Hjem","item":"https:\/\/tekraad.no\/"},{"@type":"ListItem","position":2,"name":"TR\u00c5D \u00e5pner kontor i Oslo"}]},{"@type":"WebSite","@id":"https:\/\/tekraad.no\/#website","url":"https:\/\/tekraad.no\/","name":"TR\u00c5D AS","description":"Teknisk r\u00e5dgivning innen lyd, lys, bilde og scene","publisher":{"@id":"https:\/\/tekraad.no\/#organization"},"alternateName":"TR\u00c5D AS","potentialAction":[{"@type":"SearchAction","target":{"@type":"EntryPoint","urlTemplate":"https:\/\/tekraad.no\/?s={search_term_string}"},"query-input":{"@type":"PropertyValueSpecification","valueRequired":true,"valueName":"search_term_string"}}],"inLanguage":"en-GB"},{"@type":"Organization","@id":"https:\/\/tekraad.no\/#organization","name":"TR\u00c5D AS","alternateName":"TR\u00c5D AS","url":"https:\/\/tekraad.no\/","logo":{"@type":"ImageObject","inLanguage":"en-GB","@id":"https:\/\/tekraad.no\/#\/schema\/logo\/image\/","url":"https:\/\/tekraad.no\/wp-content\/uploads\/2025\/10\/Logo-hvit-tekst-u-bakgrunn-e1763987293366.png","contentUrl":"https:\/\/tekraad.no\/wp-content\/uploads\/2025\/10\/Logo-hvit-tekst-u-bakgrunn-e1763987293366.png","width":1450,"height":602,"caption":"TR\u00c5D AS"},"image":{"@id":"https:\/\/tekraad.no\/#\/schema\/logo\/image\/"},"sameAs":["https:\/\/www.facebook.com\/traadface\/?locale=nb_NO","https:\/\/no.linkedin.com\/company\/tekraad"]},{"@type":"Person","@id":"https:\/\/tekraad.no\/#\/schema\/person\/73c8db93eef1841625b401429b342551","name":"Ida Christine","image":{"@type":"ImageObject","inLanguage":"en-GB","@id":"https:\/\/secure.gravatar.com\/avatar\/46bf5731d6e5f54c2b451c4f4c6756ccc3a79bfb90b2abd1e0bf3cea153cb2c8?s=96&d=mm&r=g","url":"https:\/\/secure.gravatar.com\/avatar\/46bf5731d6e5f54c2b451c4f4c6756ccc3a79bfb90b2abd1e0bf3cea153cb2c8?s=96&d=mm&r=g","contentUrl":"https:\/\/secure.gravatar.com\/avatar\/46bf5731d6e5f54c2b451c4f4c6756ccc3a79bfb90b2abd1e0bf3cea153cb2c8?s=96&d=mm&r=g","caption":"Ida Christine"},"sameAs":["https:\/\/trad.hornstaging.no"],"url":"https:\/\/tekraad.no\/en\/author\/ida-christine\/"}]}},"_links":{"self":[{"href":"https:\/\/tekraad.no\/en\/wp-json\/wp\/v2\/posts\/403","targetHints":{"allow":["GET"]}}],"collection":[{"href":"https:\/\/tekraad.no\/en\/wp-json\/wp\/v2\/posts"}],"about":[{"href":"https:\/\/tekraad.no\/en\/wp-json\/wp\/v2\/types\/post"}],"author":[{"embeddable":true,"href":"https:\/\/tekraad.no\/en\/wp-json\/wp\/v2\/users\/1"}],"replies":[{"embeddable":true,"href":"https:\/\/tekraad.no\/en\/wp-json\/wp\/v2\/comments?post=403"}],"version-history":[{"count":2,"href":"https:\/\/tekraad.no\/en\/wp-json\/wp\/v2\/posts\/403\/revisions"}],"predecessor-version":[{"id":414,"href":"https:\/\/tekraad.no\/en\/wp-json\/wp\/v2\/posts\/403\/revisions\/414"}],"wp:featuredmedia":[{"embeddable":true,"href":"https:\/\/tekraad.no\/en\/wp-json\/wp\/v2\/media\/411"}],"wp:attachment":[{"href":"https:\/\/tekraad.no\/en\/wp-json\/wp\/v2\/media?parent=403"}],"wp:term":[{"taxonomy":"category","embeddable":true,"href":"https:\/\/tekraad.no\/en\/wp-json\/wp\/v2\/categories?post=403"},{"taxonomy":"post_tag","embeddable":true,"href":"https:\/\/tekraad.no\/en\/wp-json\/wp\/v2\/tags?post=403"}],"curies":[{"name":"wp","href":"https:\/\/api.w.org\/{rel}","templated":true}]}}