{"id":402,"date":"2025-01-13T13:01:00","date_gmt":"2025-01-13T12:01:00","guid":{"rendered":"https:\/\/trad.hornstaging.no\/?p=402"},"modified":"2026-01-26T10:56:44","modified_gmt":"2026-01-26T09:56:44","slug":"we-welcome-kai-vidar","status":"publish","type":"post","link":"https:\/\/tekraad.no\/en\/aktuelt\/vi-onsker-kai-vidar-velkommen\/","title":{"rendered":"We welcome Kai Vidar"},"content":{"rendered":"<p>TR\u00c5D is experiencing increased activity, and we are very proud to welcome Kai Vidar Bech from 1 January 2025. Kai Vidar joins us from his position as \u201cHead of Rigging and Stage Technology\u201d and has specialised in stage automation, stage machinery and rigging. He strengthens our team with exceptional insight into standards, regulations and legislation, as well as a broad international network. With 25 years of user-side experience combined with deep knowledge of regulations and technical standards, he is well equipped to support our growing focus on cultural buildings.<\/p>\n\n\n\n<p>We look forward to the journey ahead with Kai Vidar on board.<\/p>\n\n\n\n<p><strong>Welcome!!<\/strong><\/p>","protected":false},"excerpt":{"rendered":"<p>TR\u00c5D AS strengthens the team with Kai Vidar Bech from 1 January 2025. He brings 25 years of experience and expertise in stage technology, automation and international standards.<\/p>","protected":false},"author":1,"featured_media":409,"comment_status":"open","ping_status":"open","sticky":false,"template":"","format":"standard","meta":{"_acf_changed":false,"footnotes":""},"categories":[1],"tags":[17],"class_list":["post-402","post","type-post","status-publish","format-standard","has-post-thumbnail","hentry","category-aktuelt","tag-et-bilde"],"acf":[],"yoast_head":"<!-- This site is optimized with the Yoast SEO plugin v27.3 - https:\/\/yoast.com\/product\/yoast-seo-wordpress\/ -->\n<title>Kai Vidar Bech styrker TR\u00c5D AS fra januar 2025<\/title>\n<meta name=\"description\" content=\"TR\u00c5D AS \u00f8nsker Kai Vidar Bech velkommen \u2013 ekspert p\u00e5 sceneteknikk og automasjon med 25 \u00e5rs erfaring og sterk kompetanse p\u00e5 standarder.\" \/>\n<meta name=\"robots\" content=\"index, follow, max-snippet:-1, max-image-preview:large, max-video-preview:-1\" \/>\n<link rel=\"canonical\" href=\"https:\/\/tekraad.no\/en\/news\/we-welcome-kai-vidar\/\" \/>\n<meta property=\"og:locale\" content=\"en_GB\" \/>\n<meta property=\"og:type\" content=\"article\" \/>\n<meta property=\"og:title\" content=\"Kai Vidar Bech styrker TR\u00c5D AS fra januar 2025\" \/>\n<meta property=\"og:description\" content=\"TR\u00c5D AS \u00f8nsker Kai Vidar Bech velkommen \u2013 ekspert p\u00e5 sceneteknikk og automasjon med 25 \u00e5rs erfaring og sterk kompetanse p\u00e5 standarder.\" \/>\n<meta property=\"og:url\" content=\"https:\/\/tekraad.no\/en\/news\/we-welcome-kai-vidar\/\" \/>\n<meta property=\"og:site_name\" content=\"TR\u00c5D AS\" \/>\n<meta property=\"article:publisher\" content=\"https:\/\/www.facebook.com\/traadface\/?locale=nb_NO\" \/>\n<meta property=\"article:published_time\" content=\"2025-01-13T12:01:00+00:00\" \/>\n<meta property=\"article:modified_time\" content=\"2026-01-26T09:56:44+00:00\" \/>\n<meta property=\"og:image\" content=\"https:\/\/tekraad.no\/wp-content\/uploads\/2025\/11\/DSC1005-Enhanced-NR-Edit-2-scaled-1.jpg\" \/>\n\t<meta property=\"og:image:width\" content=\"2048\" \/>\n\t<meta property=\"og:image:height\" content=\"2443\" \/>\n\t<meta property=\"og:image:type\" content=\"image\/jpeg\" \/>\n<meta name=\"author\" content=\"Ida Christine\" \/>\n<meta name=\"twitter:card\" content=\"summary_large_image\" \/>\n<meta name=\"twitter:label1\" content=\"Written by\" \/>\n\t<meta name=\"twitter:data1\" content=\"Ida Christine\" \/>\n\t<meta name=\"twitter:label2\" content=\"Estimated reading time\" \/>\n\t<meta name=\"twitter:data2\" content=\"1 minute\" \/>\n<script type=\"application\/ld+json\" class=\"yoast-schema-graph\">{\"@context\":\"https:\\\/\\\/schema.org\",\"@graph\":[{\"@type\":\"Article\",\"@id\":\"https:\\\/\\\/tekraad.no\\\/aktuelt\\\/vi-onsker-kai-vidar-velkommen\\\/#article\",\"isPartOf\":{\"@id\":\"https:\\\/\\\/tekraad.no\\\/aktuelt\\\/vi-onsker-kai-vidar-velkommen\\\/\"},\"author\":{\"name\":\"Ida Christine\",\"@id\":\"https:\\\/\\\/tekraad.no\\\/#\\\/schema\\\/person\\\/73c8db93eef1841625b401429b342551\"},\"headline\":\"Vi \u00f8nsker Kai Vidar velkommen\",\"datePublished\":\"2025-01-13T12:01:00+00:00\",\"dateModified\":\"2026-01-26T09:56:44+00:00\",\"mainEntityOfPage\":{\"@id\":\"https:\\\/\\\/tekraad.no\\\/aktuelt\\\/vi-onsker-kai-vidar-velkommen\\\/\"},\"wordCount\":105,\"commentCount\":0,\"publisher\":{\"@id\":\"https:\\\/\\\/tekraad.no\\\/#organization\"},\"image\":{\"@id\":\"https:\\\/\\\/tekraad.no\\\/aktuelt\\\/vi-onsker-kai-vidar-velkommen\\\/#primaryimage\"},\"thumbnailUrl\":\"https:\\\/\\\/tekraad.no\\\/wp-content\\\/uploads\\\/2025\\\/11\\\/DSC1005-Enhanced-NR-Edit-2-scaled-1.jpg\",\"keywords\":[\"Et bilde\"],\"articleSection\":[\"Aktuelt\"],\"inLanguage\":\"en-GB\",\"potentialAction\":[{\"@type\":\"CommentAction\",\"name\":\"Comment\",\"target\":[\"https:\\\/\\\/tekraad.no\\\/aktuelt\\\/vi-onsker-kai-vidar-velkommen\\\/#respond\"]}]},{\"@type\":\"WebPage\",\"@id\":\"https:\\\/\\\/tekraad.no\\\/aktuelt\\\/vi-onsker-kai-vidar-velkommen\\\/\",\"url\":\"https:\\\/\\\/tekraad.no\\\/aktuelt\\\/vi-onsker-kai-vidar-velkommen\\\/\",\"name\":\"Kai Vidar Bech styrker TR\u00c5D AS fra januar 2025\",\"isPartOf\":{\"@id\":\"https:\\\/\\\/tekraad.no\\\/#website\"},\"primaryImageOfPage\":{\"@id\":\"https:\\\/\\\/tekraad.no\\\/aktuelt\\\/vi-onsker-kai-vidar-velkommen\\\/#primaryimage\"},\"image\":{\"@id\":\"https:\\\/\\\/tekraad.no\\\/aktuelt\\\/vi-onsker-kai-vidar-velkommen\\\/#primaryimage\"},\"thumbnailUrl\":\"https:\\\/\\\/tekraad.no\\\/wp-content\\\/uploads\\\/2025\\\/11\\\/DSC1005-Enhanced-NR-Edit-2-scaled-1.jpg\",\"datePublished\":\"2025-01-13T12:01:00+00:00\",\"dateModified\":\"2026-01-26T09:56:44+00:00\",\"description\":\"TR\u00c5D AS \u00f8nsker Kai Vidar Bech velkommen \u2013 ekspert p\u00e5 sceneteknikk og automasjon med 25 \u00e5rs erfaring og sterk kompetanse p\u00e5 standarder.\",\"breadcrumb\":{\"@id\":\"https:\\\/\\\/tekraad.no\\\/aktuelt\\\/vi-onsker-kai-vidar-velkommen\\\/#breadcrumb\"},\"inLanguage\":\"en-GB\",\"potentialAction\":[{\"@type\":\"ReadAction\",\"target\":[\"https:\\\/\\\/tekraad.no\\\/aktuelt\\\/vi-onsker-kai-vidar-velkommen\\\/\"]}]},{\"@type\":\"ImageObject\",\"inLanguage\":\"en-GB\",\"@id\":\"https:\\\/\\\/tekraad.no\\\/aktuelt\\\/vi-onsker-kai-vidar-velkommen\\\/#primaryimage\",\"url\":\"https:\\\/\\\/tekraad.no\\\/wp-content\\\/uploads\\\/2025\\\/11\\\/DSC1005-Enhanced-NR-Edit-2-scaled-1.jpg\",\"contentUrl\":\"https:\\\/\\\/tekraad.no\\\/wp-content\\\/uploads\\\/2025\\\/11\\\/DSC1005-Enhanced-NR-Edit-2-scaled-1.jpg\",\"width\":2048,\"height\":2443,\"caption\":\"Svart-hvitt portrett av en smilende mann med skjegg og en liten hanekam-frisyre. Han har armene i kors og er if\u00f8rt en m\u00f8rk polo-skjorte med en diskret logo.\"},{\"@type\":\"BreadcrumbList\",\"@id\":\"https:\\\/\\\/tekraad.no\\\/aktuelt\\\/vi-onsker-kai-vidar-velkommen\\\/#breadcrumb\",\"itemListElement\":[{\"@type\":\"ListItem\",\"position\":1,\"name\":\"Hjem\",\"item\":\"https:\\\/\\\/tekraad.no\\\/\"},{\"@type\":\"ListItem\",\"position\":2,\"name\":\"Vi \u00f8nsker Kai Vidar velkommen\"}]},{\"@type\":\"WebSite\",\"@id\":\"https:\\\/\\\/tekraad.no\\\/#website\",\"url\":\"https:\\\/\\\/tekraad.no\\\/\",\"name\":\"TR\u00c5D AS\",\"description\":\"Teknisk r\u00e5dgivning innen lyd, lys, bilde og scene\",\"publisher\":{\"@id\":\"https:\\\/\\\/tekraad.no\\\/#organization\"},\"alternateName\":\"TR\u00c5D AS\",\"potentialAction\":[{\"@type\":\"SearchAction\",\"target\":{\"@type\":\"EntryPoint\",\"urlTemplate\":\"https:\\\/\\\/tekraad.no\\\/?s={search_term_string}\"},\"query-input\":{\"@type\":\"PropertyValueSpecification\",\"valueRequired\":true,\"valueName\":\"search_term_string\"}}],\"inLanguage\":\"en-GB\"},{\"@type\":\"Organization\",\"@id\":\"https:\\\/\\\/tekraad.no\\\/#organization\",\"name\":\"TR\u00c5D AS\",\"alternateName\":\"TR\u00c5D AS\",\"url\":\"https:\\\/\\\/tekraad.no\\\/\",\"logo\":{\"@type\":\"ImageObject\",\"inLanguage\":\"en-GB\",\"@id\":\"https:\\\/\\\/tekraad.no\\\/#\\\/schema\\\/logo\\\/image\\\/\",\"url\":\"https:\\\/\\\/tekraad.no\\\/wp-content\\\/uploads\\\/2025\\\/10\\\/Logo-hvit-tekst-u-bakgrunn-e1763987293366.png\",\"contentUrl\":\"https:\\\/\\\/tekraad.no\\\/wp-content\\\/uploads\\\/2025\\\/10\\\/Logo-hvit-tekst-u-bakgrunn-e1763987293366.png\",\"width\":1450,\"height\":602,\"caption\":\"TR\u00c5D AS\"},\"image\":{\"@id\":\"https:\\\/\\\/tekraad.no\\\/#\\\/schema\\\/logo\\\/image\\\/\"},\"sameAs\":[\"https:\\\/\\\/www.facebook.com\\\/traadface\\\/?locale=nb_NO\",\"https:\\\/\\\/no.linkedin.com\\\/company\\\/tekraad\"]},{\"@type\":\"Person\",\"@id\":\"https:\\\/\\\/tekraad.no\\\/#\\\/schema\\\/person\\\/73c8db93eef1841625b401429b342551\",\"name\":\"Ida Christine\",\"image\":{\"@type\":\"ImageObject\",\"inLanguage\":\"en-GB\",\"@id\":\"https:\\\/\\\/secure.gravatar.com\\\/avatar\\\/46bf5731d6e5f54c2b451c4f4c6756ccc3a79bfb90b2abd1e0bf3cea153cb2c8?s=96&d=mm&r=g\",\"url\":\"https:\\\/\\\/secure.gravatar.com\\\/avatar\\\/46bf5731d6e5f54c2b451c4f4c6756ccc3a79bfb90b2abd1e0bf3cea153cb2c8?s=96&d=mm&r=g\",\"contentUrl\":\"https:\\\/\\\/secure.gravatar.com\\\/avatar\\\/46bf5731d6e5f54c2b451c4f4c6756ccc3a79bfb90b2abd1e0bf3cea153cb2c8?s=96&d=mm&r=g\",\"caption\":\"Ida Christine\"},\"sameAs\":[\"https:\\\/\\\/trad.hornstaging.no\"],\"url\":\"https:\\\/\\\/tekraad.no\\\/en\\\/author\\\/ida-christine\\\/\"}]}<\/script>\n<!-- \/ Yoast SEO plugin. -->","yoast_head_json":{"title":"Kai Vidar Bech strengthens TR\u00c5D AS from January 2025","description":"TR\u00c5D AS welcomes Kai Vidar Bech \u2013 an expert in stage technology and automation with 25 years of experience and strong competence in standards.","robots":{"index":"index","follow":"follow","max-snippet":"max-snippet:-1","max-image-preview":"max-image-preview:large","max-video-preview":"max-video-preview:-1"},"canonical":"https:\/\/tekraad.no\/en\/news\/we-welcome-kai-vidar\/","og_locale":"en_GB","og_type":"article","og_title":"Kai Vidar Bech styrker TR\u00c5D AS fra januar 2025","og_description":"TR\u00c5D AS \u00f8nsker Kai Vidar Bech velkommen \u2013 ekspert p\u00e5 sceneteknikk og automasjon med 25 \u00e5rs erfaring og sterk kompetanse p\u00e5 standarder.","og_url":"https:\/\/tekraad.no\/en\/news\/we-welcome-kai-vidar\/","og_site_name":"TR\u00c5D AS","article_publisher":"https:\/\/www.facebook.com\/traadface\/?locale=nb_NO","article_published_time":"2025-01-13T12:01:00+00:00","article_modified_time":"2026-01-26T09:56:44+00:00","og_image":[{"width":2048,"height":2443,"url":"https:\/\/tekraad.no\/wp-content\/uploads\/2025\/11\/DSC1005-Enhanced-NR-Edit-2-scaled-1.jpg","type":"image\/jpeg"}],"author":"Ida Christine","twitter_card":"summary_large_image","twitter_misc":{"Written by":"Ida Christine","Estimated reading time":"1 minute"},"schema":{"@context":"https:\/\/schema.org","@graph":[{"@type":"Article","@id":"https:\/\/tekraad.no\/aktuelt\/vi-onsker-kai-vidar-velkommen\/#article","isPartOf":{"@id":"https:\/\/tekraad.no\/aktuelt\/vi-onsker-kai-vidar-velkommen\/"},"author":{"name":"Ida Christine","@id":"https:\/\/tekraad.no\/#\/schema\/person\/73c8db93eef1841625b401429b342551"},"headline":"Vi \u00f8nsker Kai Vidar velkommen","datePublished":"2025-01-13T12:01:00+00:00","dateModified":"2026-01-26T09:56:44+00:00","mainEntityOfPage":{"@id":"https:\/\/tekraad.no\/aktuelt\/vi-onsker-kai-vidar-velkommen\/"},"wordCount":105,"commentCount":0,"publisher":{"@id":"https:\/\/tekraad.no\/#organization"},"image":{"@id":"https:\/\/tekraad.no\/aktuelt\/vi-onsker-kai-vidar-velkommen\/#primaryimage"},"thumbnailUrl":"https:\/\/tekraad.no\/wp-content\/uploads\/2025\/11\/DSC1005-Enhanced-NR-Edit-2-scaled-1.jpg","keywords":["Et bilde"],"articleSection":["Aktuelt"],"inLanguage":"en-GB","potentialAction":[{"@type":"CommentAction","name":"Comment","target":["https:\/\/tekraad.no\/aktuelt\/vi-onsker-kai-vidar-velkommen\/#respond"]}]},{"@type":"WebPage","@id":"https:\/\/tekraad.no\/aktuelt\/vi-onsker-kai-vidar-velkommen\/","url":"https:\/\/tekraad.no\/aktuelt\/vi-onsker-kai-vidar-velkommen\/","name":"Kai Vidar Bech strengthens TR\u00c5D AS from January 2025","isPartOf":{"@id":"https:\/\/tekraad.no\/#website"},"primaryImageOfPage":{"@id":"https:\/\/tekraad.no\/aktuelt\/vi-onsker-kai-vidar-velkommen\/#primaryimage"},"image":{"@id":"https:\/\/tekraad.no\/aktuelt\/vi-onsker-kai-vidar-velkommen\/#primaryimage"},"thumbnailUrl":"https:\/\/tekraad.no\/wp-content\/uploads\/2025\/11\/DSC1005-Enhanced-NR-Edit-2-scaled-1.jpg","datePublished":"2025-01-13T12:01:00+00:00","dateModified":"2026-01-26T09:56:44+00:00","description":"TR\u00c5D AS welcomes Kai Vidar Bech \u2013 an expert in stage technology and automation with 25 years of experience and strong competence in standards.","breadcrumb":{"@id":"https:\/\/tekraad.no\/aktuelt\/vi-onsker-kai-vidar-velkommen\/#breadcrumb"},"inLanguage":"en-GB","potentialAction":[{"@type":"ReadAction","target":["https:\/\/tekraad.no\/aktuelt\/vi-onsker-kai-vidar-velkommen\/"]}]},{"@type":"ImageObject","inLanguage":"en-GB","@id":"https:\/\/tekraad.no\/aktuelt\/vi-onsker-kai-vidar-velkommen\/#primaryimage","url":"https:\/\/tekraad.no\/wp-content\/uploads\/2025\/11\/DSC1005-Enhanced-NR-Edit-2-scaled-1.jpg","contentUrl":"https:\/\/tekraad.no\/wp-content\/uploads\/2025\/11\/DSC1005-Enhanced-NR-Edit-2-scaled-1.jpg","width":2048,"height":2443,"caption":"Svart-hvitt portrett av en smilende mann med skjegg og en liten hanekam-frisyre. Han har armene i kors og er if\u00f8rt en m\u00f8rk polo-skjorte med en diskret logo."},{"@type":"BreadcrumbList","@id":"https:\/\/tekraad.no\/aktuelt\/vi-onsker-kai-vidar-velkommen\/#breadcrumb","itemListElement":[{"@type":"ListItem","position":1,"name":"Hjem","item":"https:\/\/tekraad.no\/"},{"@type":"ListItem","position":2,"name":"Vi \u00f8nsker Kai Vidar velkommen"}]},{"@type":"WebSite","@id":"https:\/\/tekraad.no\/#website","url":"https:\/\/tekraad.no\/","name":"TR\u00c5D AS","description":"Teknisk r\u00e5dgivning innen lyd, lys, bilde og scene","publisher":{"@id":"https:\/\/tekraad.no\/#organization"},"alternateName":"TR\u00c5D AS","potentialAction":[{"@type":"SearchAction","target":{"@type":"EntryPoint","urlTemplate":"https:\/\/tekraad.no\/?s={search_term_string}"},"query-input":{"@type":"PropertyValueSpecification","valueRequired":true,"valueName":"search_term_string"}}],"inLanguage":"en-GB"},{"@type":"Organization","@id":"https:\/\/tekraad.no\/#organization","name":"TR\u00c5D AS","alternateName":"TR\u00c5D AS","url":"https:\/\/tekraad.no\/","logo":{"@type":"ImageObject","inLanguage":"en-GB","@id":"https:\/\/tekraad.no\/#\/schema\/logo\/image\/","url":"https:\/\/tekraad.no\/wp-content\/uploads\/2025\/10\/Logo-hvit-tekst-u-bakgrunn-e1763987293366.png","contentUrl":"https:\/\/tekraad.no\/wp-content\/uploads\/2025\/10\/Logo-hvit-tekst-u-bakgrunn-e1763987293366.png","width":1450,"height":602,"caption":"TR\u00c5D AS"},"image":{"@id":"https:\/\/tekraad.no\/#\/schema\/logo\/image\/"},"sameAs":["https:\/\/www.facebook.com\/traadface\/?locale=nb_NO","https:\/\/no.linkedin.com\/company\/tekraad"]},{"@type":"Person","@id":"https:\/\/tekraad.no\/#\/schema\/person\/73c8db93eef1841625b401429b342551","name":"Ida Christine","image":{"@type":"ImageObject","inLanguage":"en-GB","@id":"https:\/\/secure.gravatar.com\/avatar\/46bf5731d6e5f54c2b451c4f4c6756ccc3a79bfb90b2abd1e0bf3cea153cb2c8?s=96&d=mm&r=g","url":"https:\/\/secure.gravatar.com\/avatar\/46bf5731d6e5f54c2b451c4f4c6756ccc3a79bfb90b2abd1e0bf3cea153cb2c8?s=96&d=mm&r=g","contentUrl":"https:\/\/secure.gravatar.com\/avatar\/46bf5731d6e5f54c2b451c4f4c6756ccc3a79bfb90b2abd1e0bf3cea153cb2c8?s=96&d=mm&r=g","caption":"Ida Christine"},"sameAs":["https:\/\/trad.hornstaging.no"],"url":"https:\/\/tekraad.no\/en\/author\/ida-christine\/"}]}},"_links":{"self":[{"href":"https:\/\/tekraad.no\/en\/wp-json\/wp\/v2\/posts\/402","targetHints":{"allow":["GET"]}}],"collection":[{"href":"https:\/\/tekraad.no\/en\/wp-json\/wp\/v2\/posts"}],"about":[{"href":"https:\/\/tekraad.no\/en\/wp-json\/wp\/v2\/types\/post"}],"author":[{"embeddable":true,"href":"https:\/\/tekraad.no\/en\/wp-json\/wp\/v2\/users\/1"}],"replies":[{"embeddable":true,"href":"https:\/\/tekraad.no\/en\/wp-json\/wp\/v2\/comments?post=402"}],"version-history":[{"count":2,"href":"https:\/\/tekraad.no\/en\/wp-json\/wp\/v2\/posts\/402\/revisions"}],"predecessor-version":[{"id":412,"href":"https:\/\/tekraad.no\/en\/wp-json\/wp\/v2\/posts\/402\/revisions\/412"}],"wp:featuredmedia":[{"embeddable":true,"href":"https:\/\/tekraad.no\/en\/wp-json\/wp\/v2\/media\/409"}],"wp:attachment":[{"href":"https:\/\/tekraad.no\/en\/wp-json\/wp\/v2\/media?parent=402"}],"wp:term":[{"taxonomy":"category","embeddable":true,"href":"https:\/\/tekraad.no\/en\/wp-json\/wp\/v2\/categories?post=402"},{"taxonomy":"post_tag","embeddable":true,"href":"https:\/\/tekraad.no\/en\/wp-json\/wp\/v2\/tags?post=402"}],"curies":[{"name":"wp","href":"https:\/\/api.w.org\/{rel}","templated":true}]}}