{"id":401,"date":"2024-10-17T13:01:00","date_gmt":"2024-10-17T11:01:00","guid":{"rendered":"https:\/\/trad.hornstaging.no\/?p=401"},"modified":"2026-01-26T10:56:51","modified_gmt":"2026-01-26T09:56:51","slug":"kulturrom-and-naerbo-musikkorps-a-successful-partnership","status":"publish","type":"post","link":"https:\/\/tekraad.no\/en\/aktuelt\/kulturrom-og-naerbo-musikkorps-et-lukrativt-samarbeid\/","title":{"rendered":"Kulturrom and N\u00e6rb\u00f8 Musikkorps \u2013 a successful partnership!"},"content":{"rendered":"<p>At Tr\u00e5d, we frequently assist clients with applications to\u00a0<a href=\"https:\/\/kulturrom.no\/\" target=\"_blank\" rel=\"noreferrer noopener\">Kulturrom<\/a>, previously known as Musikkutstyrsordningen. Kulturrom offers funding schemes for purchasing musical and performance equipment, as well as improving rehearsal and performance spaces. These improvements may include building a stage or implementing acoustic upgrades to better suit the intended use. \u00a0<\/p>\n\n\n\n<p>Through this unique scheme, it is possible to receive support for purchasing sound, lighting and stage equipment that provides solid technical conditions for music, dance and theatre performances. Application deadlines are twice a year: 1 March and 1 September.&nbsp;<\/p>\n\n\n\n<p>This time, we assisted N\u00e6rb\u00f8 Musikkorps with the funding application process, solution design for the sound and lighting system, and running the procurement process. The installation is now complete and ready for the autumn\u2019s performances. The music ensemble regularly hosts its own concerts and productions and also rents out\u00a0<a href=\"https:\/\/jadarheim.no\/\" target=\"_blank\" rel=\"noreferrer noopener\">Jadarheim\u00a0<\/a>when they are not using it themselves.\u00a0<\/p>\n\n\n\n<p>The solution was based on compact point-source loudspeakers with a processor-controlled amplifier, a central audio processor with a simplified control panel at the stage, a new digital mixer with mobile stage boxes, and modern LED fixtures for front lighting.<\/p>\n\n\n\n<p>Acoustic curtains were installed on a track system and adapted to the existing slatted wall.<\/p>\n\n\n\n<p>We thank you for the trust and congratulate you on a great installation!<\/p>\n\n\n\n<figure class=\"wp-block-gallery has-nested-images columns-default is-cropped wp-block-gallery-1 is-layout-flex wp-block-gallery-is-layout-flex\">\n<figure class=\"wp-block-image size-large\"><img fetchpriority=\"high\" decoding=\"async\" width=\"1024\" height=\"768\" data-id=\"146\" src=\"https:\/\/trad.hornstaging.no\/wp-content\/uploads\/2025\/10\/2024-10-14-16.09.39-scaled-1-1024x768.jpg\" alt=\"\" class=\"wp-image-146\" srcset=\"https:\/\/tekraad.no\/wp-content\/uploads\/2025\/10\/2024-10-14-16.09.39-scaled-1-1024x768.jpg 1024w, https:\/\/tekraad.no\/wp-content\/uploads\/2025\/10\/2024-10-14-16.09.39-scaled-1-300x225.jpg 300w, https:\/\/tekraad.no\/wp-content\/uploads\/2025\/10\/2024-10-14-16.09.39-scaled-1-768x576.jpg 768w, https:\/\/tekraad.no\/wp-content\/uploads\/2025\/10\/2024-10-14-16.09.39-scaled-1-1536x1152.jpg 1536w, https:\/\/tekraad.no\/wp-content\/uploads\/2025\/10\/2024-10-14-16.09.39-scaled-1.jpg 2048w, https:\/\/tekraad.no\/wp-content\/uploads\/2025\/10\/2024-10-14-16.09.39-scaled-1-16x12.jpg 16w\" sizes=\"(max-width: 1024px) 100vw, 1024px\" \/><\/figure>\n\n\n\n<figure class=\"wp-block-image size-large\"><img decoding=\"async\" width=\"980\" height=\"735\" data-id=\"405\" src=\"https:\/\/trad.hornstaging.no\/wp-content\/uploads\/2025\/11\/OM_1728976735658-980x735-1.jpeg\" alt=\"\" class=\"wp-image-405\" srcset=\"https:\/\/tekraad.no\/wp-content\/uploads\/2025\/11\/OM_1728976735658-980x735-1.jpeg 980w, https:\/\/tekraad.no\/wp-content\/uploads\/2025\/11\/OM_1728976735658-980x735-1-300x225.jpeg 300w, https:\/\/tekraad.no\/wp-content\/uploads\/2025\/11\/OM_1728976735658-980x735-1-768x576.jpeg 768w, https:\/\/tekraad.no\/wp-content\/uploads\/2025\/11\/OM_1728976735658-980x735-1-16x12.jpeg 16w\" sizes=\"(max-width: 980px) 100vw, 980px\" \/><\/figure>\n\n\n\n<figure class=\"wp-block-image size-large\"><img decoding=\"async\" width=\"980\" height=\"551\" data-id=\"406\" src=\"https:\/\/trad.hornstaging.no\/wp-content\/uploads\/2025\/11\/1000009761-980x551-1.jpg\" alt=\"\" class=\"wp-image-406\" srcset=\"https:\/\/tekraad.no\/wp-content\/uploads\/2025\/11\/1000009761-980x551-1.jpg 980w, https:\/\/tekraad.no\/wp-content\/uploads\/2025\/11\/1000009761-980x551-1-300x169.jpg 300w, https:\/\/tekraad.no\/wp-content\/uploads\/2025\/11\/1000009761-980x551-1-768x432.jpg 768w, https:\/\/tekraad.no\/wp-content\/uploads\/2025\/11\/1000009761-980x551-1-18x10.jpg 18w\" sizes=\"(max-width: 980px) 100vw, 980px\" \/><\/figure>\n\n\n\n<figure class=\"wp-block-image size-large\"><img loading=\"lazy\" decoding=\"async\" width=\"980\" height=\"735\" data-id=\"407\" src=\"https:\/\/trad.hornstaging.no\/wp-content\/uploads\/2025\/11\/OM_1728976735659-1-980x735-1.jpeg\" alt=\"\" class=\"wp-image-407\" srcset=\"https:\/\/tekraad.no\/wp-content\/uploads\/2025\/11\/OM_1728976735659-1-980x735-1.jpeg 980w, https:\/\/tekraad.no\/wp-content\/uploads\/2025\/11\/OM_1728976735659-1-980x735-1-300x225.jpeg 300w, https:\/\/tekraad.no\/wp-content\/uploads\/2025\/11\/OM_1728976735659-1-980x735-1-768x576.jpeg 768w, https:\/\/tekraad.no\/wp-content\/uploads\/2025\/11\/OM_1728976735659-1-980x735-1-16x12.jpeg 16w\" sizes=\"(max-width: 980px) 100vw, 980px\" \/><\/figure>\n<\/figure>","protected":false},"excerpt":{"rendered":"<p>TR\u00c5D AS assisted N\u00e6rb\u00f8 Musikkorps with Kulturrom funding, design and installation of a new sound and lighting system in Jadarheim \u2013 ready for this autumn\u2019s performances.<\/p>","protected":false},"author":1,"featured_media":146,"comment_status":"open","ping_status":"open","sticky":false,"template":"","format":"standard","meta":{"_acf_changed":false,"footnotes":""},"categories":[1],"tags":[18],"class_list":["post-401","post","type-post","status-publish","format-standard","has-post-thumbnail","hentry","category-aktuelt","tag-flere-bilder"],"acf":[],"yoast_head":"<!-- This site is optimized with the Yoast SEO plugin v27.3 - https:\/\/yoast.com\/product\/yoast-seo-wordpress\/ -->\n<title>Kulturrom-st\u00f8tte og nytt anlegg for N\u00e6rb\u00f8 Musikkorps<\/title>\n<meta name=\"description\" content=\"TR\u00c5D AS hjalp N\u00e6rb\u00f8 Musikkorps med Kulturrom-s\u00f8knad og installasjon av nytt lyd- og lysanlegg \u2013 klart for konserter i Jadarheim.\" \/>\n<meta name=\"robots\" content=\"index, follow, max-snippet:-1, max-image-preview:large, max-video-preview:-1\" \/>\n<link rel=\"canonical\" href=\"https:\/\/tekraad.no\/en\/news\/kulturrom-and-naerbo-musikkorps-a-successful-partnership\/\" \/>\n<meta property=\"og:locale\" content=\"en_GB\" \/>\n<meta property=\"og:type\" content=\"article\" \/>\n<meta property=\"og:title\" content=\"Kulturrom-st\u00f8tte og nytt anlegg for N\u00e6rb\u00f8 Musikkorps\" \/>\n<meta property=\"og:description\" content=\"TR\u00c5D AS hjalp N\u00e6rb\u00f8 Musikkorps med Kulturrom-s\u00f8knad og installasjon av nytt lyd- og lysanlegg \u2013 klart for konserter i Jadarheim.\" \/>\n<meta property=\"og:url\" content=\"https:\/\/tekraad.no\/en\/news\/kulturrom-and-naerbo-musikkorps-a-successful-partnership\/\" \/>\n<meta property=\"og:site_name\" content=\"TR\u00c5D AS\" \/>\n<meta property=\"article:publisher\" content=\"https:\/\/www.facebook.com\/traadface\/?locale=nb_NO\" \/>\n<meta property=\"article:published_time\" content=\"2024-10-17T11:01:00+00:00\" \/>\n<meta property=\"article:modified_time\" content=\"2026-01-26T09:56:51+00:00\" \/>\n<meta property=\"og:image\" content=\"https:\/\/tekraad.no\/wp-content\/uploads\/2025\/10\/2024-10-14-16.09.39-scaled-1.jpg\" \/>\n\t<meta property=\"og:image:width\" content=\"2048\" \/>\n\t<meta property=\"og:image:height\" content=\"1536\" \/>\n\t<meta property=\"og:image:type\" content=\"image\/jpeg\" \/>\n<meta name=\"author\" content=\"Ida Christine\" \/>\n<meta name=\"twitter:card\" content=\"summary_large_image\" \/>\n<meta name=\"twitter:label1\" content=\"Written by\" \/>\n\t<meta name=\"twitter:data1\" content=\"Ida Christine\" \/>\n\t<meta name=\"twitter:label2\" content=\"Estimated reading time\" \/>\n\t<meta name=\"twitter:data2\" content=\"3 minutes\" \/>\n<script type=\"application\/ld+json\" class=\"yoast-schema-graph\">{\"@context\":\"https:\\\/\\\/schema.org\",\"@graph\":[{\"@type\":\"Article\",\"@id\":\"https:\\\/\\\/tekraad.no\\\/aktuelt\\\/kulturrom-og-naerbo-musikkorps-et-lukrativt-samarbeid\\\/#article\",\"isPartOf\":{\"@id\":\"https:\\\/\\\/tekraad.no\\\/aktuelt\\\/kulturrom-og-naerbo-musikkorps-et-lukrativt-samarbeid\\\/\"},\"author\":{\"name\":\"Ida Christine\",\"@id\":\"https:\\\/\\\/tekraad.no\\\/#\\\/schema\\\/person\\\/73c8db93eef1841625b401429b342551\"},\"headline\":\"Kulturrom og N\u00e6rb\u00f8 Musikkorps \u2013 et lukrativt samarbeid!\",\"datePublished\":\"2024-10-17T11:01:00+00:00\",\"dateModified\":\"2026-01-26T09:56:51+00:00\",\"mainEntityOfPage\":{\"@id\":\"https:\\\/\\\/tekraad.no\\\/aktuelt\\\/kulturrom-og-naerbo-musikkorps-et-lukrativt-samarbeid\\\/\"},\"wordCount\":219,\"commentCount\":0,\"publisher\":{\"@id\":\"https:\\\/\\\/tekraad.no\\\/#organization\"},\"image\":{\"@id\":\"https:\\\/\\\/tekraad.no\\\/aktuelt\\\/kulturrom-og-naerbo-musikkorps-et-lukrativt-samarbeid\\\/#primaryimage\"},\"thumbnailUrl\":\"https:\\\/\\\/tekraad.no\\\/wp-content\\\/uploads\\\/2025\\\/10\\\/2024-10-14-16.09.39-scaled-1.jpg\",\"keywords\":[\"Flere bilder\"],\"articleSection\":[\"Aktuelt\"],\"inLanguage\":\"en-GB\",\"potentialAction\":[{\"@type\":\"CommentAction\",\"name\":\"Comment\",\"target\":[\"https:\\\/\\\/tekraad.no\\\/aktuelt\\\/kulturrom-og-naerbo-musikkorps-et-lukrativt-samarbeid\\\/#respond\"]}]},{\"@type\":\"WebPage\",\"@id\":\"https:\\\/\\\/tekraad.no\\\/aktuelt\\\/kulturrom-og-naerbo-musikkorps-et-lukrativt-samarbeid\\\/\",\"url\":\"https:\\\/\\\/tekraad.no\\\/aktuelt\\\/kulturrom-og-naerbo-musikkorps-et-lukrativt-samarbeid\\\/\",\"name\":\"Kulturrom-st\u00f8tte og nytt anlegg for N\u00e6rb\u00f8 Musikkorps\",\"isPartOf\":{\"@id\":\"https:\\\/\\\/tekraad.no\\\/#website\"},\"primaryImageOfPage\":{\"@id\":\"https:\\\/\\\/tekraad.no\\\/aktuelt\\\/kulturrom-og-naerbo-musikkorps-et-lukrativt-samarbeid\\\/#primaryimage\"},\"image\":{\"@id\":\"https:\\\/\\\/tekraad.no\\\/aktuelt\\\/kulturrom-og-naerbo-musikkorps-et-lukrativt-samarbeid\\\/#primaryimage\"},\"thumbnailUrl\":\"https:\\\/\\\/tekraad.no\\\/wp-content\\\/uploads\\\/2025\\\/10\\\/2024-10-14-16.09.39-scaled-1.jpg\",\"datePublished\":\"2024-10-17T11:01:00+00:00\",\"dateModified\":\"2026-01-26T09:56:51+00:00\",\"description\":\"TR\u00c5D AS hjalp N\u00e6rb\u00f8 Musikkorps med Kulturrom-s\u00f8knad og installasjon av nytt lyd- og lysanlegg \u2013 klart for konserter i Jadarheim.\",\"breadcrumb\":{\"@id\":\"https:\\\/\\\/tekraad.no\\\/aktuelt\\\/kulturrom-og-naerbo-musikkorps-et-lukrativt-samarbeid\\\/#breadcrumb\"},\"inLanguage\":\"en-GB\",\"potentialAction\":[{\"@type\":\"ReadAction\",\"target\":[\"https:\\\/\\\/tekraad.no\\\/aktuelt\\\/kulturrom-og-naerbo-musikkorps-et-lukrativt-samarbeid\\\/\"]}]},{\"@type\":\"ImageObject\",\"inLanguage\":\"en-GB\",\"@id\":\"https:\\\/\\\/tekraad.no\\\/aktuelt\\\/kulturrom-og-naerbo-musikkorps-et-lukrativt-samarbeid\\\/#primaryimage\",\"url\":\"https:\\\/\\\/tekraad.no\\\/wp-content\\\/uploads\\\/2025\\\/10\\\/2024-10-14-16.09.39-scaled-1.jpg\",\"contentUrl\":\"https:\\\/\\\/tekraad.no\\\/wp-content\\\/uploads\\\/2025\\\/10\\\/2024-10-14-16.09.39-scaled-1.jpg\",\"width\":2048,\"height\":1536,\"caption\":\"Et tomt, moderne flerbrukshus eller teatersal med lyst tregulv. R\u00f8de stoler er stablet langs begge sideveggene. I bakgrunnen f\u00f8rer to trapper opp til et galleri med faste sitteplasser. Taket har dekorative trelameller og integrert line\u00e6r belysning.\"},{\"@type\":\"BreadcrumbList\",\"@id\":\"https:\\\/\\\/tekraad.no\\\/aktuelt\\\/kulturrom-og-naerbo-musikkorps-et-lukrativt-samarbeid\\\/#breadcrumb\",\"itemListElement\":[{\"@type\":\"ListItem\",\"position\":1,\"name\":\"Hjem\",\"item\":\"https:\\\/\\\/tekraad.no\\\/\"},{\"@type\":\"ListItem\",\"position\":2,\"name\":\"Kulturrom og N\u00e6rb\u00f8 Musikkorps \u2013 et lukrativt samarbeid!\"}]},{\"@type\":\"WebSite\",\"@id\":\"https:\\\/\\\/tekraad.no\\\/#website\",\"url\":\"https:\\\/\\\/tekraad.no\\\/\",\"name\":\"TR\u00c5D AS\",\"description\":\"Teknisk r\u00e5dgivning innen lyd, lys, bilde og scene\",\"publisher\":{\"@id\":\"https:\\\/\\\/tekraad.no\\\/#organization\"},\"alternateName\":\"TR\u00c5D AS\",\"potentialAction\":[{\"@type\":\"SearchAction\",\"target\":{\"@type\":\"EntryPoint\",\"urlTemplate\":\"https:\\\/\\\/tekraad.no\\\/?s={search_term_string}\"},\"query-input\":{\"@type\":\"PropertyValueSpecification\",\"valueRequired\":true,\"valueName\":\"search_term_string\"}}],\"inLanguage\":\"en-GB\"},{\"@type\":\"Organization\",\"@id\":\"https:\\\/\\\/tekraad.no\\\/#organization\",\"name\":\"TR\u00c5D AS\",\"alternateName\":\"TR\u00c5D AS\",\"url\":\"https:\\\/\\\/tekraad.no\\\/\",\"logo\":{\"@type\":\"ImageObject\",\"inLanguage\":\"en-GB\",\"@id\":\"https:\\\/\\\/tekraad.no\\\/#\\\/schema\\\/logo\\\/image\\\/\",\"url\":\"https:\\\/\\\/tekraad.no\\\/wp-content\\\/uploads\\\/2025\\\/10\\\/Logo-hvit-tekst-u-bakgrunn-e1763987293366.png\",\"contentUrl\":\"https:\\\/\\\/tekraad.no\\\/wp-content\\\/uploads\\\/2025\\\/10\\\/Logo-hvit-tekst-u-bakgrunn-e1763987293366.png\",\"width\":1450,\"height\":602,\"caption\":\"TR\u00c5D AS\"},\"image\":{\"@id\":\"https:\\\/\\\/tekraad.no\\\/#\\\/schema\\\/logo\\\/image\\\/\"},\"sameAs\":[\"https:\\\/\\\/www.facebook.com\\\/traadface\\\/?locale=nb_NO\",\"https:\\\/\\\/no.linkedin.com\\\/company\\\/tekraad\"]},{\"@type\":\"Person\",\"@id\":\"https:\\\/\\\/tekraad.no\\\/#\\\/schema\\\/person\\\/73c8db93eef1841625b401429b342551\",\"name\":\"Ida Christine\",\"image\":{\"@type\":\"ImageObject\",\"inLanguage\":\"en-GB\",\"@id\":\"https:\\\/\\\/secure.gravatar.com\\\/avatar\\\/46bf5731d6e5f54c2b451c4f4c6756ccc3a79bfb90b2abd1e0bf3cea153cb2c8?s=96&d=mm&r=g\",\"url\":\"https:\\\/\\\/secure.gravatar.com\\\/avatar\\\/46bf5731d6e5f54c2b451c4f4c6756ccc3a79bfb90b2abd1e0bf3cea153cb2c8?s=96&d=mm&r=g\",\"contentUrl\":\"https:\\\/\\\/secure.gravatar.com\\\/avatar\\\/46bf5731d6e5f54c2b451c4f4c6756ccc3a79bfb90b2abd1e0bf3cea153cb2c8?s=96&d=mm&r=g\",\"caption\":\"Ida Christine\"},\"sameAs\":[\"https:\\\/\\\/trad.hornstaging.no\"],\"url\":\"https:\\\/\\\/tekraad.no\\\/en\\\/author\\\/ida-christine\\\/\"}]}<\/script>\n<!-- \/ Yoast SEO plugin. -->","yoast_head_json":{"title":"Kulturrom funding and a new system for N\u00e6rb\u00f8 Musikkorps","description":"TR\u00c5D AS assisted N\u00e6rb\u00f8 Musikkorps with their Kulturrom application and the installation of a new sound and lighting system \u2013 ready for concerts in Jadarheim.","robots":{"index":"index","follow":"follow","max-snippet":"max-snippet:-1","max-image-preview":"max-image-preview:large","max-video-preview":"max-video-preview:-1"},"canonical":"https:\/\/tekraad.no\/en\/news\/kulturrom-and-naerbo-musikkorps-a-successful-partnership\/","og_locale":"en_GB","og_type":"article","og_title":"Kulturrom-st\u00f8tte og nytt anlegg for N\u00e6rb\u00f8 Musikkorps","og_description":"TR\u00c5D AS hjalp N\u00e6rb\u00f8 Musikkorps med Kulturrom-s\u00f8knad og installasjon av nytt lyd- og lysanlegg \u2013 klart for konserter i Jadarheim.","og_url":"https:\/\/tekraad.no\/en\/news\/kulturrom-and-naerbo-musikkorps-a-successful-partnership\/","og_site_name":"TR\u00c5D AS","article_publisher":"https:\/\/www.facebook.com\/traadface\/?locale=nb_NO","article_published_time":"2024-10-17T11:01:00+00:00","article_modified_time":"2026-01-26T09:56:51+00:00","og_image":[{"width":2048,"height":1536,"url":"https:\/\/tekraad.no\/wp-content\/uploads\/2025\/10\/2024-10-14-16.09.39-scaled-1.jpg","type":"image\/jpeg"}],"author":"Ida Christine","twitter_card":"summary_large_image","twitter_misc":{"Written by":"Ida Christine","Estimated reading time":"3 minutes"},"schema":{"@context":"https:\/\/schema.org","@graph":[{"@type":"Article","@id":"https:\/\/tekraad.no\/aktuelt\/kulturrom-og-naerbo-musikkorps-et-lukrativt-samarbeid\/#article","isPartOf":{"@id":"https:\/\/tekraad.no\/aktuelt\/kulturrom-og-naerbo-musikkorps-et-lukrativt-samarbeid\/"},"author":{"name":"Ida Christine","@id":"https:\/\/tekraad.no\/#\/schema\/person\/73c8db93eef1841625b401429b342551"},"headline":"Kulturrom og N\u00e6rb\u00f8 Musikkorps \u2013 et lukrativt samarbeid!","datePublished":"2024-10-17T11:01:00+00:00","dateModified":"2026-01-26T09:56:51+00:00","mainEntityOfPage":{"@id":"https:\/\/tekraad.no\/aktuelt\/kulturrom-og-naerbo-musikkorps-et-lukrativt-samarbeid\/"},"wordCount":219,"commentCount":0,"publisher":{"@id":"https:\/\/tekraad.no\/#organization"},"image":{"@id":"https:\/\/tekraad.no\/aktuelt\/kulturrom-og-naerbo-musikkorps-et-lukrativt-samarbeid\/#primaryimage"},"thumbnailUrl":"https:\/\/tekraad.no\/wp-content\/uploads\/2025\/10\/2024-10-14-16.09.39-scaled-1.jpg","keywords":["Flere bilder"],"articleSection":["Aktuelt"],"inLanguage":"en-GB","potentialAction":[{"@type":"CommentAction","name":"Comment","target":["https:\/\/tekraad.no\/aktuelt\/kulturrom-og-naerbo-musikkorps-et-lukrativt-samarbeid\/#respond"]}]},{"@type":"WebPage","@id":"https:\/\/tekraad.no\/aktuelt\/kulturrom-og-naerbo-musikkorps-et-lukrativt-samarbeid\/","url":"https:\/\/tekraad.no\/aktuelt\/kulturrom-og-naerbo-musikkorps-et-lukrativt-samarbeid\/","name":"Kulturrom funding and a new system for N\u00e6rb\u00f8 Musikkorps","isPartOf":{"@id":"https:\/\/tekraad.no\/#website"},"primaryImageOfPage":{"@id":"https:\/\/tekraad.no\/aktuelt\/kulturrom-og-naerbo-musikkorps-et-lukrativt-samarbeid\/#primaryimage"},"image":{"@id":"https:\/\/tekraad.no\/aktuelt\/kulturrom-og-naerbo-musikkorps-et-lukrativt-samarbeid\/#primaryimage"},"thumbnailUrl":"https:\/\/tekraad.no\/wp-content\/uploads\/2025\/10\/2024-10-14-16.09.39-scaled-1.jpg","datePublished":"2024-10-17T11:01:00+00:00","dateModified":"2026-01-26T09:56:51+00:00","description":"TR\u00c5D AS assisted N\u00e6rb\u00f8 Musikkorps with their Kulturrom application and the installation of a new sound and lighting system \u2013 ready for concerts in Jadarheim.","breadcrumb":{"@id":"https:\/\/tekraad.no\/aktuelt\/kulturrom-og-naerbo-musikkorps-et-lukrativt-samarbeid\/#breadcrumb"},"inLanguage":"en-GB","potentialAction":[{"@type":"ReadAction","target":["https:\/\/tekraad.no\/aktuelt\/kulturrom-og-naerbo-musikkorps-et-lukrativt-samarbeid\/"]}]},{"@type":"ImageObject","inLanguage":"en-GB","@id":"https:\/\/tekraad.no\/aktuelt\/kulturrom-og-naerbo-musikkorps-et-lukrativt-samarbeid\/#primaryimage","url":"https:\/\/tekraad.no\/wp-content\/uploads\/2025\/10\/2024-10-14-16.09.39-scaled-1.jpg","contentUrl":"https:\/\/tekraad.no\/wp-content\/uploads\/2025\/10\/2024-10-14-16.09.39-scaled-1.jpg","width":2048,"height":1536,"caption":"Et tomt, moderne flerbrukshus eller teatersal med lyst tregulv. R\u00f8de stoler er stablet langs begge sideveggene. I bakgrunnen f\u00f8rer to trapper opp til et galleri med faste sitteplasser. Taket har dekorative trelameller og integrert line\u00e6r belysning."},{"@type":"BreadcrumbList","@id":"https:\/\/tekraad.no\/aktuelt\/kulturrom-og-naerbo-musikkorps-et-lukrativt-samarbeid\/#breadcrumb","itemListElement":[{"@type":"ListItem","position":1,"name":"Hjem","item":"https:\/\/tekraad.no\/"},{"@type":"ListItem","position":2,"name":"Kulturrom og N\u00e6rb\u00f8 Musikkorps \u2013 et lukrativt samarbeid!"}]},{"@type":"WebSite","@id":"https:\/\/tekraad.no\/#website","url":"https:\/\/tekraad.no\/","name":"TR\u00c5D AS","description":"Teknisk r\u00e5dgivning innen lyd, lys, bilde og scene","publisher":{"@id":"https:\/\/tekraad.no\/#organization"},"alternateName":"TR\u00c5D AS","potentialAction":[{"@type":"SearchAction","target":{"@type":"EntryPoint","urlTemplate":"https:\/\/tekraad.no\/?s={search_term_string}"},"query-input":{"@type":"PropertyValueSpecification","valueRequired":true,"valueName":"search_term_string"}}],"inLanguage":"en-GB"},{"@type":"Organization","@id":"https:\/\/tekraad.no\/#organization","name":"TR\u00c5D AS","alternateName":"TR\u00c5D AS","url":"https:\/\/tekraad.no\/","logo":{"@type":"ImageObject","inLanguage":"en-GB","@id":"https:\/\/tekraad.no\/#\/schema\/logo\/image\/","url":"https:\/\/tekraad.no\/wp-content\/uploads\/2025\/10\/Logo-hvit-tekst-u-bakgrunn-e1763987293366.png","contentUrl":"https:\/\/tekraad.no\/wp-content\/uploads\/2025\/10\/Logo-hvit-tekst-u-bakgrunn-e1763987293366.png","width":1450,"height":602,"caption":"TR\u00c5D AS"},"image":{"@id":"https:\/\/tekraad.no\/#\/schema\/logo\/image\/"},"sameAs":["https:\/\/www.facebook.com\/traadface\/?locale=nb_NO","https:\/\/no.linkedin.com\/company\/tekraad"]},{"@type":"Person","@id":"https:\/\/tekraad.no\/#\/schema\/person\/73c8db93eef1841625b401429b342551","name":"Ida Christine","image":{"@type":"ImageObject","inLanguage":"en-GB","@id":"https:\/\/secure.gravatar.com\/avatar\/46bf5731d6e5f54c2b451c4f4c6756ccc3a79bfb90b2abd1e0bf3cea153cb2c8?s=96&d=mm&r=g","url":"https:\/\/secure.gravatar.com\/avatar\/46bf5731d6e5f54c2b451c4f4c6756ccc3a79bfb90b2abd1e0bf3cea153cb2c8?s=96&d=mm&r=g","contentUrl":"https:\/\/secure.gravatar.com\/avatar\/46bf5731d6e5f54c2b451c4f4c6756ccc3a79bfb90b2abd1e0bf3cea153cb2c8?s=96&d=mm&r=g","caption":"Ida Christine"},"sameAs":["https:\/\/trad.hornstaging.no"],"url":"https:\/\/tekraad.no\/en\/author\/ida-christine\/"}]}},"_links":{"self":[{"href":"https:\/\/tekraad.no\/en\/wp-json\/wp\/v2\/posts\/401","targetHints":{"allow":["GET"]}}],"collection":[{"href":"https:\/\/tekraad.no\/en\/wp-json\/wp\/v2\/posts"}],"about":[{"href":"https:\/\/tekraad.no\/en\/wp-json\/wp\/v2\/types\/post"}],"author":[{"embeddable":true,"href":"https:\/\/tekraad.no\/en\/wp-json\/wp\/v2\/users\/1"}],"replies":[{"embeddable":true,"href":"https:\/\/tekraad.no\/en\/wp-json\/wp\/v2\/comments?post=401"}],"version-history":[{"count":3,"href":"https:\/\/tekraad.no\/en\/wp-json\/wp\/v2\/posts\/401\/revisions"}],"predecessor-version":[{"id":1089,"href":"https:\/\/tekraad.no\/en\/wp-json\/wp\/v2\/posts\/401\/revisions\/1089"}],"wp:featuredmedia":[{"embeddable":true,"href":"https:\/\/tekraad.no\/en\/wp-json\/wp\/v2\/media\/146"}],"wp:attachment":[{"href":"https:\/\/tekraad.no\/en\/wp-json\/wp\/v2\/media?parent=401"}],"wp:term":[{"taxonomy":"category","embeddable":true,"href":"https:\/\/tekraad.no\/en\/wp-json\/wp\/v2\/categories?post=401"},{"taxonomy":"post_tag","embeddable":true,"href":"https:\/\/tekraad.no\/en\/wp-json\/wp\/v2\/tags?post=401"}],"curies":[{"name":"wp","href":"https:\/\/api.w.org\/{rel}","templated":true}]}}