{"id":388,"date":"2024-01-08T12:56:00","date_gmt":"2024-01-08T11:56:00","guid":{"rendered":"https:\/\/trad.hornstaging.no\/?p=388"},"modified":"2026-01-26T10:57:00","modified_gmt":"2026-01-26T09:57:00","slug":"nannestad-cultural-arena","status":"publish","type":"post","link":"https:\/\/tekraad.no\/en\/aktuelt\/nannestad-kulturarena\/","title":{"rendered":"Nannestad Cultural Arena"},"content":{"rendered":"<p>Nannestad Municipality Hall has now been fully renovated and rebuilt, and we at Tr\u00e5d are proud to have contributed with input on tailored sound, lighting and video solutions for the Main Hall, Blackbox and caf\u00e9 stage. We began the assignment in February 2023 when contracts with suppliers were signed, and we have followed the installation process closely all the way through. It has been an exciting project, with the framework being to rebuild parts of the original 1960s building. The facility is now complete with a new stage rig, a modern high-standard sound and lighting system suitable for both local performers and touring productions, as well as an advanced Active Acoustic System (AAS) in the Main Hall.<\/p>\n\n\n\n<p>We thank Nannestad Municipality for their trust and congratulate them on a great facility!<\/p>","protected":false},"excerpt":{"rendered":"<p>TR\u00c5D AS contributed to the renovation of Nannestad Kulturarena with sound, lighting and video solutions. The result was a modern stage rig and an advanced acoustic system adapted to different productions.<\/p>","protected":false},"author":1,"featured_media":392,"comment_status":"open","ping_status":"open","sticky":false,"template":"","format":"standard","meta":{"_acf_changed":false,"footnotes":""},"categories":[1],"tags":[17],"class_list":["post-388","post","type-post","status-publish","format-standard","has-post-thumbnail","hentry","category-aktuelt","tag-et-bilde"],"acf":[],"yoast_head":"<!-- This site is optimized with the Yoast SEO plugin v27.3 - https:\/\/yoast.com\/product\/yoast-seo-wordpress\/ -->\n<title>Nytt lyd-, lys- og AAS-system for Nannestad Kulturarena<\/title>\n<meta name=\"description\" content=\"TR\u00c5D AS leverte teknisk l\u00f8sning til Storsalen, Blackbox og kaf\u00e9scenen i Nannestad \u2013 med ny scenerigg og aktivt akustisk system.\" \/>\n<meta name=\"robots\" content=\"index, follow, max-snippet:-1, max-image-preview:large, max-video-preview:-1\" \/>\n<link rel=\"canonical\" href=\"https:\/\/tekraad.no\/en\/news\/nannestad-cultural-arena\/\" \/>\n<meta property=\"og:locale\" content=\"en_GB\" \/>\n<meta property=\"og:type\" content=\"article\" \/>\n<meta property=\"og:title\" content=\"Nytt lyd-, lys- og AAS-system for Nannestad Kulturarena\" \/>\n<meta property=\"og:description\" content=\"TR\u00c5D AS leverte teknisk l\u00f8sning til Storsalen, Blackbox og kaf\u00e9scenen i Nannestad \u2013 med ny scenerigg og aktivt akustisk system.\" \/>\n<meta property=\"og:url\" content=\"https:\/\/tekraad.no\/en\/news\/nannestad-cultural-arena\/\" \/>\n<meta property=\"og:site_name\" content=\"TR\u00c5D AS\" \/>\n<meta property=\"article:publisher\" content=\"https:\/\/www.facebook.com\/traadface\/?locale=nb_NO\" \/>\n<meta property=\"article:published_time\" content=\"2024-01-08T11:56:00+00:00\" \/>\n<meta property=\"article:modified_time\" content=\"2026-01-26T09:57:00+00:00\" \/>\n<meta property=\"og:image\" content=\"https:\/\/tekraad.no\/wp-content\/uploads\/2025\/11\/Nannestad-eksterior-edited.jpg\" \/>\n\t<meta property=\"og:image:width\" content=\"2048\" \/>\n\t<meta property=\"og:image:height\" content=\"1152\" \/>\n\t<meta property=\"og:image:type\" content=\"image\/jpeg\" \/>\n<meta name=\"author\" content=\"Ida Christine\" \/>\n<meta name=\"twitter:card\" content=\"summary_large_image\" \/>\n<meta name=\"twitter:label1\" content=\"Written by\" \/>\n\t<meta name=\"twitter:data1\" content=\"Ida Christine\" \/>\n\t<meta name=\"twitter:label2\" content=\"Estimated reading time\" \/>\n\t<meta name=\"twitter:data2\" content=\"1 minute\" \/>\n<script type=\"application\/ld+json\" class=\"yoast-schema-graph\">{\"@context\":\"https:\\\/\\\/schema.org\",\"@graph\":[{\"@type\":\"Article\",\"@id\":\"https:\\\/\\\/tekraad.no\\\/aktuelt\\\/nannestad-kulturarena\\\/#article\",\"isPartOf\":{\"@id\":\"https:\\\/\\\/tekraad.no\\\/aktuelt\\\/nannestad-kulturarena\\\/\"},\"author\":{\"name\":\"Ida Christine\",\"@id\":\"https:\\\/\\\/tekraad.no\\\/#\\\/schema\\\/person\\\/73c8db93eef1841625b401429b342551\"},\"headline\":\"Nannestad Kulturarena\",\"datePublished\":\"2024-01-08T11:56:00+00:00\",\"dateModified\":\"2026-01-26T09:57:00+00:00\",\"mainEntityOfPage\":{\"@id\":\"https:\\\/\\\/tekraad.no\\\/aktuelt\\\/nannestad-kulturarena\\\/\"},\"wordCount\":135,\"commentCount\":0,\"publisher\":{\"@id\":\"https:\\\/\\\/tekraad.no\\\/#organization\"},\"image\":{\"@id\":\"https:\\\/\\\/tekraad.no\\\/aktuelt\\\/nannestad-kulturarena\\\/#primaryimage\"},\"thumbnailUrl\":\"https:\\\/\\\/tekraad.no\\\/wp-content\\\/uploads\\\/2025\\\/11\\\/Nannestad-eksterior-edited.jpg\",\"keywords\":[\"Et bilde\"],\"articleSection\":[\"Aktuelt\"],\"inLanguage\":\"en-GB\",\"potentialAction\":[{\"@type\":\"CommentAction\",\"name\":\"Comment\",\"target\":[\"https:\\\/\\\/tekraad.no\\\/aktuelt\\\/nannestad-kulturarena\\\/#respond\"]}]},{\"@type\":\"WebPage\",\"@id\":\"https:\\\/\\\/tekraad.no\\\/aktuelt\\\/nannestad-kulturarena\\\/\",\"url\":\"https:\\\/\\\/tekraad.no\\\/aktuelt\\\/nannestad-kulturarena\\\/\",\"name\":\"Nytt lyd-, lys- og AAS-system for Nannestad Kulturarena\",\"isPartOf\":{\"@id\":\"https:\\\/\\\/tekraad.no\\\/#website\"},\"primaryImageOfPage\":{\"@id\":\"https:\\\/\\\/tekraad.no\\\/aktuelt\\\/nannestad-kulturarena\\\/#primaryimage\"},\"image\":{\"@id\":\"https:\\\/\\\/tekraad.no\\\/aktuelt\\\/nannestad-kulturarena\\\/#primaryimage\"},\"thumbnailUrl\":\"https:\\\/\\\/tekraad.no\\\/wp-content\\\/uploads\\\/2025\\\/11\\\/Nannestad-eksterior-edited.jpg\",\"datePublished\":\"2024-01-08T11:56:00+00:00\",\"dateModified\":\"2026-01-26T09:57:00+00:00\",\"description\":\"TR\u00c5D AS leverte teknisk l\u00f8sning til Storsalen, Blackbox og kaf\u00e9scenen i Nannestad \u2013 med ny scenerigg og aktivt akustisk system.\",\"breadcrumb\":{\"@id\":\"https:\\\/\\\/tekraad.no\\\/aktuelt\\\/nannestad-kulturarena\\\/#breadcrumb\"},\"inLanguage\":\"en-GB\",\"potentialAction\":[{\"@type\":\"ReadAction\",\"target\":[\"https:\\\/\\\/tekraad.no\\\/aktuelt\\\/nannestad-kulturarena\\\/\"]}]},{\"@type\":\"ImageObject\",\"inLanguage\":\"en-GB\",\"@id\":\"https:\\\/\\\/tekraad.no\\\/aktuelt\\\/nannestad-kulturarena\\\/#primaryimage\",\"url\":\"https:\\\/\\\/tekraad.no\\\/wp-content\\\/uploads\\\/2025\\\/11\\\/Nannestad-eksterior-edited.jpg\",\"contentUrl\":\"https:\\\/\\\/tekraad.no\\\/wp-content\\\/uploads\\\/2025\\\/11\\\/Nannestad-eksterior-edited.jpg\",\"width\":2048,\"height\":1152,\"caption\":\"Eksteri\u00f8ret til Nannestad Kommunehus. Bygget har en moderne kombinasjon av m\u00f8rkebrun kledning og en i\u00f8ynefallende buet fasade dekket av et r\u00f8dbrunt, perforert metallm\u00f8nster. Foran inngangen er det en steinlagt plass med unge tr\u00e6r og benker.\"},{\"@type\":\"BreadcrumbList\",\"@id\":\"https:\\\/\\\/tekraad.no\\\/aktuelt\\\/nannestad-kulturarena\\\/#breadcrumb\",\"itemListElement\":[{\"@type\":\"ListItem\",\"position\":1,\"name\":\"Hjem\",\"item\":\"https:\\\/\\\/tekraad.no\\\/\"},{\"@type\":\"ListItem\",\"position\":2,\"name\":\"Nannestad Kulturarena\"}]},{\"@type\":\"WebSite\",\"@id\":\"https:\\\/\\\/tekraad.no\\\/#website\",\"url\":\"https:\\\/\\\/tekraad.no\\\/\",\"name\":\"TR\u00c5D AS\",\"description\":\"Teknisk r\u00e5dgivning innen lyd, lys, bilde og scene\",\"publisher\":{\"@id\":\"https:\\\/\\\/tekraad.no\\\/#organization\"},\"alternateName\":\"TR\u00c5D AS\",\"potentialAction\":[{\"@type\":\"SearchAction\",\"target\":{\"@type\":\"EntryPoint\",\"urlTemplate\":\"https:\\\/\\\/tekraad.no\\\/?s={search_term_string}\"},\"query-input\":{\"@type\":\"PropertyValueSpecification\",\"valueRequired\":true,\"valueName\":\"search_term_string\"}}],\"inLanguage\":\"en-GB\"},{\"@type\":\"Organization\",\"@id\":\"https:\\\/\\\/tekraad.no\\\/#organization\",\"name\":\"TR\u00c5D AS\",\"alternateName\":\"TR\u00c5D AS\",\"url\":\"https:\\\/\\\/tekraad.no\\\/\",\"logo\":{\"@type\":\"ImageObject\",\"inLanguage\":\"en-GB\",\"@id\":\"https:\\\/\\\/tekraad.no\\\/#\\\/schema\\\/logo\\\/image\\\/\",\"url\":\"https:\\\/\\\/tekraad.no\\\/wp-content\\\/uploads\\\/2025\\\/10\\\/Logo-hvit-tekst-u-bakgrunn-e1763987293366.png\",\"contentUrl\":\"https:\\\/\\\/tekraad.no\\\/wp-content\\\/uploads\\\/2025\\\/10\\\/Logo-hvit-tekst-u-bakgrunn-e1763987293366.png\",\"width\":1450,\"height\":602,\"caption\":\"TR\u00c5D AS\"},\"image\":{\"@id\":\"https:\\\/\\\/tekraad.no\\\/#\\\/schema\\\/logo\\\/image\\\/\"},\"sameAs\":[\"https:\\\/\\\/www.facebook.com\\\/traadface\\\/?locale=nb_NO\",\"https:\\\/\\\/no.linkedin.com\\\/company\\\/tekraad\"]},{\"@type\":\"Person\",\"@id\":\"https:\\\/\\\/tekraad.no\\\/#\\\/schema\\\/person\\\/73c8db93eef1841625b401429b342551\",\"name\":\"Ida Christine\",\"image\":{\"@type\":\"ImageObject\",\"inLanguage\":\"en-GB\",\"@id\":\"https:\\\/\\\/secure.gravatar.com\\\/avatar\\\/46bf5731d6e5f54c2b451c4f4c6756ccc3a79bfb90b2abd1e0bf3cea153cb2c8?s=96&d=mm&r=g\",\"url\":\"https:\\\/\\\/secure.gravatar.com\\\/avatar\\\/46bf5731d6e5f54c2b451c4f4c6756ccc3a79bfb90b2abd1e0bf3cea153cb2c8?s=96&d=mm&r=g\",\"contentUrl\":\"https:\\\/\\\/secure.gravatar.com\\\/avatar\\\/46bf5731d6e5f54c2b451c4f4c6756ccc3a79bfb90b2abd1e0bf3cea153cb2c8?s=96&d=mm&r=g\",\"caption\":\"Ida Christine\"},\"sameAs\":[\"https:\\\/\\\/trad.hornstaging.no\"],\"url\":\"https:\\\/\\\/tekraad.no\\\/en\\\/author\\\/ida-christine\\\/\"}]}<\/script>\n<!-- \/ Yoast SEO plugin. -->","yoast_head_json":{"title":"New sound, lighting and AAS system for Nannestad Kulturarena","description":"TR\u00c5D AS delivered technical solutions for the Main Hall, Blackbox and caf\u00e9 stage in Nannestad \u2013 including a new stage rig and an active acoustic system.","robots":{"index":"index","follow":"follow","max-snippet":"max-snippet:-1","max-image-preview":"max-image-preview:large","max-video-preview":"max-video-preview:-1"},"canonical":"https:\/\/tekraad.no\/en\/news\/nannestad-cultural-arena\/","og_locale":"en_GB","og_type":"article","og_title":"Nytt lyd-, lys- og AAS-system for Nannestad Kulturarena","og_description":"TR\u00c5D AS leverte teknisk l\u00f8sning til Storsalen, Blackbox og kaf\u00e9scenen i Nannestad \u2013 med ny scenerigg og aktivt akustisk system.","og_url":"https:\/\/tekraad.no\/en\/news\/nannestad-cultural-arena\/","og_site_name":"TR\u00c5D AS","article_publisher":"https:\/\/www.facebook.com\/traadface\/?locale=nb_NO","article_published_time":"2024-01-08T11:56:00+00:00","article_modified_time":"2026-01-26T09:57:00+00:00","og_image":[{"width":2048,"height":1152,"url":"https:\/\/tekraad.no\/wp-content\/uploads\/2025\/11\/Nannestad-eksterior-edited.jpg","type":"image\/jpeg"}],"author":"Ida Christine","twitter_card":"summary_large_image","twitter_misc":{"Written by":"Ida Christine","Estimated reading time":"1 minute"},"schema":{"@context":"https:\/\/schema.org","@graph":[{"@type":"Article","@id":"https:\/\/tekraad.no\/aktuelt\/nannestad-kulturarena\/#article","isPartOf":{"@id":"https:\/\/tekraad.no\/aktuelt\/nannestad-kulturarena\/"},"author":{"name":"Ida Christine","@id":"https:\/\/tekraad.no\/#\/schema\/person\/73c8db93eef1841625b401429b342551"},"headline":"Nannestad Kulturarena","datePublished":"2024-01-08T11:56:00+00:00","dateModified":"2026-01-26T09:57:00+00:00","mainEntityOfPage":{"@id":"https:\/\/tekraad.no\/aktuelt\/nannestad-kulturarena\/"},"wordCount":135,"commentCount":0,"publisher":{"@id":"https:\/\/tekraad.no\/#organization"},"image":{"@id":"https:\/\/tekraad.no\/aktuelt\/nannestad-kulturarena\/#primaryimage"},"thumbnailUrl":"https:\/\/tekraad.no\/wp-content\/uploads\/2025\/11\/Nannestad-eksterior-edited.jpg","keywords":["Et bilde"],"articleSection":["Aktuelt"],"inLanguage":"en-GB","potentialAction":[{"@type":"CommentAction","name":"Comment","target":["https:\/\/tekraad.no\/aktuelt\/nannestad-kulturarena\/#respond"]}]},{"@type":"WebPage","@id":"https:\/\/tekraad.no\/aktuelt\/nannestad-kulturarena\/","url":"https:\/\/tekraad.no\/aktuelt\/nannestad-kulturarena\/","name":"New sound, lighting and AAS system for Nannestad Kulturarena","isPartOf":{"@id":"https:\/\/tekraad.no\/#website"},"primaryImageOfPage":{"@id":"https:\/\/tekraad.no\/aktuelt\/nannestad-kulturarena\/#primaryimage"},"image":{"@id":"https:\/\/tekraad.no\/aktuelt\/nannestad-kulturarena\/#primaryimage"},"thumbnailUrl":"https:\/\/tekraad.no\/wp-content\/uploads\/2025\/11\/Nannestad-eksterior-edited.jpg","datePublished":"2024-01-08T11:56:00+00:00","dateModified":"2026-01-26T09:57:00+00:00","description":"TR\u00c5D AS delivered technical solutions for the Main Hall, Blackbox and caf\u00e9 stage in Nannestad \u2013 including a new stage rig and an active acoustic system.","breadcrumb":{"@id":"https:\/\/tekraad.no\/aktuelt\/nannestad-kulturarena\/#breadcrumb"},"inLanguage":"en-GB","potentialAction":[{"@type":"ReadAction","target":["https:\/\/tekraad.no\/aktuelt\/nannestad-kulturarena\/"]}]},{"@type":"ImageObject","inLanguage":"en-GB","@id":"https:\/\/tekraad.no\/aktuelt\/nannestad-kulturarena\/#primaryimage","url":"https:\/\/tekraad.no\/wp-content\/uploads\/2025\/11\/Nannestad-eksterior-edited.jpg","contentUrl":"https:\/\/tekraad.no\/wp-content\/uploads\/2025\/11\/Nannestad-eksterior-edited.jpg","width":2048,"height":1152,"caption":"Eksteri\u00f8ret til Nannestad Kommunehus. Bygget har en moderne kombinasjon av m\u00f8rkebrun kledning og en i\u00f8ynefallende buet fasade dekket av et r\u00f8dbrunt, perforert metallm\u00f8nster. Foran inngangen er det en steinlagt plass med unge tr\u00e6r og benker."},{"@type":"BreadcrumbList","@id":"https:\/\/tekraad.no\/aktuelt\/nannestad-kulturarena\/#breadcrumb","itemListElement":[{"@type":"ListItem","position":1,"name":"Hjem","item":"https:\/\/tekraad.no\/"},{"@type":"ListItem","position":2,"name":"Nannestad Kulturarena"}]},{"@type":"WebSite","@id":"https:\/\/tekraad.no\/#website","url":"https:\/\/tekraad.no\/","name":"TR\u00c5D AS","description":"Teknisk r\u00e5dgivning innen lyd, lys, bilde og scene","publisher":{"@id":"https:\/\/tekraad.no\/#organization"},"alternateName":"TR\u00c5D AS","potentialAction":[{"@type":"SearchAction","target":{"@type":"EntryPoint","urlTemplate":"https:\/\/tekraad.no\/?s={search_term_string}"},"query-input":{"@type":"PropertyValueSpecification","valueRequired":true,"valueName":"search_term_string"}}],"inLanguage":"en-GB"},{"@type":"Organization","@id":"https:\/\/tekraad.no\/#organization","name":"TR\u00c5D AS","alternateName":"TR\u00c5D AS","url":"https:\/\/tekraad.no\/","logo":{"@type":"ImageObject","inLanguage":"en-GB","@id":"https:\/\/tekraad.no\/#\/schema\/logo\/image\/","url":"https:\/\/tekraad.no\/wp-content\/uploads\/2025\/10\/Logo-hvit-tekst-u-bakgrunn-e1763987293366.png","contentUrl":"https:\/\/tekraad.no\/wp-content\/uploads\/2025\/10\/Logo-hvit-tekst-u-bakgrunn-e1763987293366.png","width":1450,"height":602,"caption":"TR\u00c5D AS"},"image":{"@id":"https:\/\/tekraad.no\/#\/schema\/logo\/image\/"},"sameAs":["https:\/\/www.facebook.com\/traadface\/?locale=nb_NO","https:\/\/no.linkedin.com\/company\/tekraad"]},{"@type":"Person","@id":"https:\/\/tekraad.no\/#\/schema\/person\/73c8db93eef1841625b401429b342551","name":"Ida Christine","image":{"@type":"ImageObject","inLanguage":"en-GB","@id":"https:\/\/secure.gravatar.com\/avatar\/46bf5731d6e5f54c2b451c4f4c6756ccc3a79bfb90b2abd1e0bf3cea153cb2c8?s=96&d=mm&r=g","url":"https:\/\/secure.gravatar.com\/avatar\/46bf5731d6e5f54c2b451c4f4c6756ccc3a79bfb90b2abd1e0bf3cea153cb2c8?s=96&d=mm&r=g","contentUrl":"https:\/\/secure.gravatar.com\/avatar\/46bf5731d6e5f54c2b451c4f4c6756ccc3a79bfb90b2abd1e0bf3cea153cb2c8?s=96&d=mm&r=g","caption":"Ida Christine"},"sameAs":["https:\/\/trad.hornstaging.no"],"url":"https:\/\/tekraad.no\/en\/author\/ida-christine\/"}]}},"_links":{"self":[{"href":"https:\/\/tekraad.no\/en\/wp-json\/wp\/v2\/posts\/388","targetHints":{"allow":["GET"]}}],"collection":[{"href":"https:\/\/tekraad.no\/en\/wp-json\/wp\/v2\/posts"}],"about":[{"href":"https:\/\/tekraad.no\/en\/wp-json\/wp\/v2\/types\/post"}],"author":[{"embeddable":true,"href":"https:\/\/tekraad.no\/en\/wp-json\/wp\/v2\/users\/1"}],"replies":[{"embeddable":true,"href":"https:\/\/tekraad.no\/en\/wp-json\/wp\/v2\/comments?post=388"}],"version-history":[{"count":1,"href":"https:\/\/tekraad.no\/en\/wp-json\/wp\/v2\/posts\/388\/revisions"}],"predecessor-version":[{"id":393,"href":"https:\/\/tekraad.no\/en\/wp-json\/wp\/v2\/posts\/388\/revisions\/393"}],"wp:featuredmedia":[{"embeddable":true,"href":"https:\/\/tekraad.no\/en\/wp-json\/wp\/v2\/media\/392"}],"wp:attachment":[{"href":"https:\/\/tekraad.no\/en\/wp-json\/wp\/v2\/media?parent=388"}],"wp:term":[{"taxonomy":"category","embeddable":true,"href":"https:\/\/tekraad.no\/en\/wp-json\/wp\/v2\/categories?post=388"},{"taxonomy":"post_tag","embeddable":true,"href":"https:\/\/tekraad.no\/en\/wp-json\/wp\/v2\/tags?post=388"}],"curies":[{"name":"wp","href":"https:\/\/api.w.org\/{rel}","templated":true}]}}