{"id":370,"date":"2023-10-17T12:43:00","date_gmt":"2023-10-17T10:43:00","guid":{"rendered":"https:\/\/trad.hornstaging.no\/?p=370"},"modified":"2026-01-26T10:57:12","modified_gmt":"2026-01-26T09:57:12","slug":"seminar-ns17206","status":"publish","type":"post","link":"https:\/\/tekraad.no\/en\/aktuelt\/fagdag-ns17206\/","title":{"rendered":"TR\u00c5D hosts professional seminar"},"content":{"rendered":"<p>TR\u00c5D invites you to a professional seminar on the topic:<\/p>\n\n\n\n<p><strong><em>Introduction to the Norwegian Standard \u201cNS-EN 17206 Machinery for stages and other production areas\u201d<\/em><\/strong><\/p>\n\n\n\n<p>Tuesday 28 November 2023, 08:00\u201316:00 \/ Led by Kai Vidar Bech<\/p>\n\n\n\n<p>When installing lifting devices and machinery for use in event and production environments, the Swedish standard from 1996 has expired and been replaced by the NS-EN 17206:2020 standard. This is a new, pan-European standard published in 2020.<\/p>\n\n\n\n<p>Kai Vidar Bech is the official representative from Standard Norge in several European working groups that develop and maintain EN 17206. He will address relevant regulations and discuss the background of NS-EN 17206.<\/p>\n\n\n\n<p>This knowledge is valuable and relevant for anyone who uses or manages stage machinery, as well as solution architects and suppliers. Typical projects where this is particularly important include renovations and new builds of schools, cultural centres, theatres, concert halls, multipurpose venues and similar facilities.<\/p>\n\n\n\n<p>The seminar will take place on the 18th floor at&nbsp;<a href=\"https:\/\/www.google.com\/maps\/place\/Forum+J%C3%A6ren,+4344+Bryne\/@58.7340418,5.6500254,17z\/data=!4m6!3m5!1s0x463a389ddf0b4185:0xd11a57070fc54b9f!8m2!3d58.7340418!4d5.6500254!16s%2Fm%2F05zng4h?entry=ttu\" target=\"_blank\" rel=\"noreferrer noopener\">Forum J\u00e6ren<\/a>, centrally located in Bryne.<\/p>\n\n\n\n<p><strong>Program for the day:<br><\/strong>07:30\u201308:30 Mingling<br>08:30\u201311:30 Course<br>11:30\u201312:30 Lunch<br>12:30\u201316:00 Course, questions and answers<\/p>\n\n\n\n<p>The course fee, including lunch, fruit and coffee\/tea, is NOK 2,900 excl. VAT per participant. Binding registration via email to&nbsp;<a href=\"mailto:post@tekraad.no\">post@tekraad.no<\/a>&nbsp;by Tuesday 31 October 2023.<\/p>\n\n\n\n<p>Participants are encouraged to have their own copy of NS-EN 17206, either digital or printed.<\/p>\n\n\n\n<p>For those who do not have access, it can be ordered via Standard Norge\u2019s online store\u00a0<a href=\"https:\/\/online.standard.no\/ns-en-17206-2020ac-2021-2\" target=\"_blank\" rel=\"noreferrer noopener\">here<\/a>.<\/p>\n\n\n\n<figure class=\"wp-block-gallery has-nested-images columns-default is-cropped wp-block-gallery-1 is-layout-flex wp-block-gallery-is-layout-flex\">\n<figure class=\"wp-block-image size-large\"><img fetchpriority=\"high\" decoding=\"async\" width=\"1024\" height=\"683\" data-id=\"380\" src=\"https:\/\/trad.hornstaging.no\/wp-content\/uploads\/2025\/11\/DSC3400-1024x683.jpg\" alt=\"\" class=\"wp-image-380\" srcset=\"https:\/\/tekraad.no\/wp-content\/uploads\/2025\/11\/DSC3400-1024x683.jpg 1024w, https:\/\/tekraad.no\/wp-content\/uploads\/2025\/11\/DSC3400-300x200.jpg 300w, https:\/\/tekraad.no\/wp-content\/uploads\/2025\/11\/DSC3400-768x512.jpg 768w, https:\/\/tekraad.no\/wp-content\/uploads\/2025\/11\/DSC3400-1536x1024.jpg 1536w, https:\/\/tekraad.no\/wp-content\/uploads\/2025\/11\/DSC3400-18x12.jpg 18w, https:\/\/tekraad.no\/wp-content\/uploads\/2025\/11\/DSC3400.jpg 2048w\" sizes=\"(max-width: 1024px) 100vw, 1024px\" \/><\/figure>\n\n\n\n<figure class=\"wp-block-image size-large\"><img decoding=\"async\" width=\"980\" height=\"653\" data-id=\"381\" src=\"https:\/\/trad.hornstaging.no\/wp-content\/uploads\/2025\/11\/DSC3409-980x653-1.jpg\" alt=\"\" class=\"wp-image-381\" srcset=\"https:\/\/tekraad.no\/wp-content\/uploads\/2025\/11\/DSC3409-980x653-1.jpg 980w, https:\/\/tekraad.no\/wp-content\/uploads\/2025\/11\/DSC3409-980x653-1-300x200.jpg 300w, https:\/\/tekraad.no\/wp-content\/uploads\/2025\/11\/DSC3409-980x653-1-768x512.jpg 768w, https:\/\/tekraad.no\/wp-content\/uploads\/2025\/11\/DSC3409-980x653-1-18x12.jpg 18w\" sizes=\"(max-width: 980px) 100vw, 980px\" \/><\/figure>\n\n\n\n<figure class=\"wp-block-image size-large\"><img decoding=\"async\" width=\"683\" height=\"1024\" data-id=\"382\" src=\"https:\/\/trad.hornstaging.no\/wp-content\/uploads\/2025\/11\/DSC3414-683x1024-1.jpg\" alt=\"\" class=\"wp-image-382\" srcset=\"https:\/\/tekraad.no\/wp-content\/uploads\/2025\/11\/DSC3414-683x1024-1.jpg 683w, https:\/\/tekraad.no\/wp-content\/uploads\/2025\/11\/DSC3414-683x1024-1-200x300.jpg 200w, https:\/\/tekraad.no\/wp-content\/uploads\/2025\/11\/DSC3414-683x1024-1-8x12.jpg 8w\" sizes=\"(max-width: 683px) 100vw, 683px\" \/><\/figure>\n<\/figure>","protected":false},"excerpt":{"rendered":"<p>TR\u00c5D is organising a seminar on NS-EN 17206 \u2013 the new European standard for stage machinery. Kai Vidar Bech from Standard Norge will lead the course at Forum J\u00e6ren, Bryne.<\/p>","protected":false},"author":1,"featured_media":380,"comment_status":"open","ping_status":"open","sticky":false,"template":"","format":"standard","meta":{"_acf_changed":false,"footnotes":""},"categories":[1],"tags":[18],"class_list":["post-370","post","type-post","status-publish","format-standard","has-post-thumbnail","hentry","category-aktuelt","tag-flere-bilder"],"acf":[],"yoast_head":"<!-- This site is optimized with the Yoast SEO plugin v27.3 - https:\/\/yoast.com\/product\/yoast-seo-wordpress\/ -->\n<title>Fagdag: NS-EN 17206 for scenemaskineri med Kai Vidar<\/title>\n<meta name=\"description\" content=\"TR\u00c5D AS inviterer til fagdag om NS-EN 17206 \u2013 standarden for scenemaskineri. L\u00e6r om regelverk, bakgrunn og praktisk bruk i prosjekter.\" \/>\n<meta name=\"robots\" content=\"index, follow, max-snippet:-1, max-image-preview:large, max-video-preview:-1\" \/>\n<link rel=\"canonical\" href=\"https:\/\/tekraad.no\/en\/news\/seminar-ns17206\/\" \/>\n<meta property=\"og:locale\" content=\"en_GB\" \/>\n<meta property=\"og:type\" content=\"article\" \/>\n<meta property=\"og:title\" content=\"Fagdag: NS-EN 17206 for scenemaskineri med Kai Vidar\" \/>\n<meta property=\"og:description\" content=\"TR\u00c5D AS inviterer til fagdag om NS-EN 17206 \u2013 standarden for scenemaskineri. L\u00e6r om regelverk, bakgrunn og praktisk bruk i prosjekter.\" \/>\n<meta property=\"og:url\" content=\"https:\/\/tekraad.no\/en\/news\/seminar-ns17206\/\" \/>\n<meta property=\"og:site_name\" content=\"TR\u00c5D AS\" \/>\n<meta property=\"article:publisher\" content=\"https:\/\/www.facebook.com\/traadface\/?locale=nb_NO\" \/>\n<meta property=\"article:published_time\" content=\"2023-10-17T10:43:00+00:00\" \/>\n<meta property=\"article:modified_time\" content=\"2026-01-26T09:57:12+00:00\" \/>\n<meta property=\"og:image\" content=\"https:\/\/tekraad.no\/wp-content\/uploads\/2025\/11\/DSC3400.jpg\" \/>\n\t<meta property=\"og:image:width\" content=\"2048\" \/>\n\t<meta property=\"og:image:height\" content=\"1365\" \/>\n\t<meta property=\"og:image:type\" content=\"image\/jpeg\" \/>\n<meta name=\"author\" content=\"Ida Christine\" \/>\n<meta name=\"twitter:card\" content=\"summary_large_image\" \/>\n<meta name=\"twitter:label1\" content=\"Written by\" \/>\n\t<meta name=\"twitter:data1\" content=\"Ida Christine\" \/>\n\t<meta name=\"twitter:label2\" content=\"Estimated reading time\" \/>\n\t<meta name=\"twitter:data2\" content=\"2 minutes\" \/>\n<script type=\"application\/ld+json\" class=\"yoast-schema-graph\">{\"@context\":\"https:\\\/\\\/schema.org\",\"@graph\":[{\"@type\":\"Article\",\"@id\":\"https:\\\/\\\/tekraad.no\\\/aktuelt\\\/fagdag-ns17206\\\/#article\",\"isPartOf\":{\"@id\":\"https:\\\/\\\/tekraad.no\\\/aktuelt\\\/fagdag-ns17206\\\/\"},\"author\":{\"name\":\"Ida Christine\",\"@id\":\"https:\\\/\\\/tekraad.no\\\/#\\\/schema\\\/person\\\/73c8db93eef1841625b401429b342551\"},\"headline\":\"TR\u00c5D arrangerer fagdag\",\"datePublished\":\"2023-10-17T10:43:00+00:00\",\"dateModified\":\"2026-01-26T09:57:12+00:00\",\"mainEntityOfPage\":{\"@id\":\"https:\\\/\\\/tekraad.no\\\/aktuelt\\\/fagdag-ns17206\\\/\"},\"wordCount\":227,\"commentCount\":0,\"publisher\":{\"@id\":\"https:\\\/\\\/tekraad.no\\\/#organization\"},\"image\":{\"@id\":\"https:\\\/\\\/tekraad.no\\\/aktuelt\\\/fagdag-ns17206\\\/#primaryimage\"},\"thumbnailUrl\":\"https:\\\/\\\/tekraad.no\\\/wp-content\\\/uploads\\\/2025\\\/11\\\/DSC3400.jpg\",\"keywords\":[\"Flere bilder\"],\"articleSection\":[\"Aktuelt\"],\"inLanguage\":\"en-GB\",\"potentialAction\":[{\"@type\":\"CommentAction\",\"name\":\"Comment\",\"target\":[\"https:\\\/\\\/tekraad.no\\\/aktuelt\\\/fagdag-ns17206\\\/#respond\"]}]},{\"@type\":\"WebPage\",\"@id\":\"https:\\\/\\\/tekraad.no\\\/aktuelt\\\/fagdag-ns17206\\\/\",\"url\":\"https:\\\/\\\/tekraad.no\\\/aktuelt\\\/fagdag-ns17206\\\/\",\"name\":\"Fagdag: NS-EN 17206 for scenemaskineri med Kai Vidar\",\"isPartOf\":{\"@id\":\"https:\\\/\\\/tekraad.no\\\/#website\"},\"primaryImageOfPage\":{\"@id\":\"https:\\\/\\\/tekraad.no\\\/aktuelt\\\/fagdag-ns17206\\\/#primaryimage\"},\"image\":{\"@id\":\"https:\\\/\\\/tekraad.no\\\/aktuelt\\\/fagdag-ns17206\\\/#primaryimage\"},\"thumbnailUrl\":\"https:\\\/\\\/tekraad.no\\\/wp-content\\\/uploads\\\/2025\\\/11\\\/DSC3400.jpg\",\"datePublished\":\"2023-10-17T10:43:00+00:00\",\"dateModified\":\"2026-01-26T09:57:12+00:00\",\"description\":\"TR\u00c5D AS inviterer til fagdag om NS-EN 17206 \u2013 standarden for scenemaskineri. L\u00e6r om regelverk, bakgrunn og praktisk bruk i prosjekter.\",\"breadcrumb\":{\"@id\":\"https:\\\/\\\/tekraad.no\\\/aktuelt\\\/fagdag-ns17206\\\/#breadcrumb\"},\"inLanguage\":\"en-GB\",\"potentialAction\":[{\"@type\":\"ReadAction\",\"target\":[\"https:\\\/\\\/tekraad.no\\\/aktuelt\\\/fagdag-ns17206\\\/\"]}]},{\"@type\":\"ImageObject\",\"inLanguage\":\"en-GB\",\"@id\":\"https:\\\/\\\/tekraad.no\\\/aktuelt\\\/fagdag-ns17206\\\/#primaryimage\",\"url\":\"https:\\\/\\\/tekraad.no\\\/wp-content\\\/uploads\\\/2025\\\/11\\\/DSC3400.jpg\",\"contentUrl\":\"https:\\\/\\\/tekraad.no\\\/wp-content\\\/uploads\\\/2025\\\/11\\\/DSC3400.jpg\",\"width\":2048,\"height\":1365,\"caption\":\"Et kunstnerisk n\u00e6rbilde med lav dybdeskarphet av teknisk utstyr. Flere svarte enheter med lysende bl\u00e5 dioder st\u00e5r p\u00e5 rekke, med tykke oransje og svarte kabler som l\u00f8per diagonalt over bildefeltet.\"},{\"@type\":\"BreadcrumbList\",\"@id\":\"https:\\\/\\\/tekraad.no\\\/aktuelt\\\/fagdag-ns17206\\\/#breadcrumb\",\"itemListElement\":[{\"@type\":\"ListItem\",\"position\":1,\"name\":\"Hjem\",\"item\":\"https:\\\/\\\/tekraad.no\\\/\"},{\"@type\":\"ListItem\",\"position\":2,\"name\":\"TR\u00c5D arrangerer fagdag\"}]},{\"@type\":\"WebSite\",\"@id\":\"https:\\\/\\\/tekraad.no\\\/#website\",\"url\":\"https:\\\/\\\/tekraad.no\\\/\",\"name\":\"TR\u00c5D AS\",\"description\":\"Teknisk r\u00e5dgivning innen lyd, lys, bilde og scene\",\"publisher\":{\"@id\":\"https:\\\/\\\/tekraad.no\\\/#organization\"},\"alternateName\":\"TR\u00c5D AS\",\"potentialAction\":[{\"@type\":\"SearchAction\",\"target\":{\"@type\":\"EntryPoint\",\"urlTemplate\":\"https:\\\/\\\/tekraad.no\\\/?s={search_term_string}\"},\"query-input\":{\"@type\":\"PropertyValueSpecification\",\"valueRequired\":true,\"valueName\":\"search_term_string\"}}],\"inLanguage\":\"en-GB\"},{\"@type\":\"Organization\",\"@id\":\"https:\\\/\\\/tekraad.no\\\/#organization\",\"name\":\"TR\u00c5D AS\",\"alternateName\":\"TR\u00c5D AS\",\"url\":\"https:\\\/\\\/tekraad.no\\\/\",\"logo\":{\"@type\":\"ImageObject\",\"inLanguage\":\"en-GB\",\"@id\":\"https:\\\/\\\/tekraad.no\\\/#\\\/schema\\\/logo\\\/image\\\/\",\"url\":\"https:\\\/\\\/tekraad.no\\\/wp-content\\\/uploads\\\/2025\\\/10\\\/Logo-hvit-tekst-u-bakgrunn-e1763987293366.png\",\"contentUrl\":\"https:\\\/\\\/tekraad.no\\\/wp-content\\\/uploads\\\/2025\\\/10\\\/Logo-hvit-tekst-u-bakgrunn-e1763987293366.png\",\"width\":1450,\"height\":602,\"caption\":\"TR\u00c5D AS\"},\"image\":{\"@id\":\"https:\\\/\\\/tekraad.no\\\/#\\\/schema\\\/logo\\\/image\\\/\"},\"sameAs\":[\"https:\\\/\\\/www.facebook.com\\\/traadface\\\/?locale=nb_NO\",\"https:\\\/\\\/no.linkedin.com\\\/company\\\/tekraad\"]},{\"@type\":\"Person\",\"@id\":\"https:\\\/\\\/tekraad.no\\\/#\\\/schema\\\/person\\\/73c8db93eef1841625b401429b342551\",\"name\":\"Ida Christine\",\"image\":{\"@type\":\"ImageObject\",\"inLanguage\":\"en-GB\",\"@id\":\"https:\\\/\\\/secure.gravatar.com\\\/avatar\\\/46bf5731d6e5f54c2b451c4f4c6756ccc3a79bfb90b2abd1e0bf3cea153cb2c8?s=96&d=mm&r=g\",\"url\":\"https:\\\/\\\/secure.gravatar.com\\\/avatar\\\/46bf5731d6e5f54c2b451c4f4c6756ccc3a79bfb90b2abd1e0bf3cea153cb2c8?s=96&d=mm&r=g\",\"contentUrl\":\"https:\\\/\\\/secure.gravatar.com\\\/avatar\\\/46bf5731d6e5f54c2b451c4f4c6756ccc3a79bfb90b2abd1e0bf3cea153cb2c8?s=96&d=mm&r=g\",\"caption\":\"Ida Christine\"},\"sameAs\":[\"https:\\\/\\\/trad.hornstaging.no\"],\"url\":\"https:\\\/\\\/tekraad.no\\\/en\\\/author\\\/ida-christine\\\/\"}]}<\/script>\n<!-- \/ Yoast SEO plugin. -->","yoast_head_json":{"title":"NS-EN 17206 seminar | TR\u00c5D AS","description":"TR\u00c5D AS invites you to a seminar on NS-EN 17206 \u2013 the standard for stage machinery. Learn about regulations, background and practical application in projects.","robots":{"index":"index","follow":"follow","max-snippet":"max-snippet:-1","max-image-preview":"max-image-preview:large","max-video-preview":"max-video-preview:-1"},"canonical":"https:\/\/tekraad.no\/en\/news\/seminar-ns17206\/","og_locale":"en_GB","og_type":"article","og_title":"Fagdag: NS-EN 17206 for scenemaskineri med Kai Vidar","og_description":"TR\u00c5D AS inviterer til fagdag om NS-EN 17206 \u2013 standarden for scenemaskineri. L\u00e6r om regelverk, bakgrunn og praktisk bruk i prosjekter.","og_url":"https:\/\/tekraad.no\/en\/news\/seminar-ns17206\/","og_site_name":"TR\u00c5D AS","article_publisher":"https:\/\/www.facebook.com\/traadface\/?locale=nb_NO","article_published_time":"2023-10-17T10:43:00+00:00","article_modified_time":"2026-01-26T09:57:12+00:00","og_image":[{"width":2048,"height":1365,"url":"https:\/\/tekraad.no\/wp-content\/uploads\/2025\/11\/DSC3400.jpg","type":"image\/jpeg"}],"author":"Ida Christine","twitter_card":"summary_large_image","twitter_misc":{"Written by":"Ida Christine","Estimated reading time":"2 minutes"},"schema":{"@context":"https:\/\/schema.org","@graph":[{"@type":"Article","@id":"https:\/\/tekraad.no\/aktuelt\/fagdag-ns17206\/#article","isPartOf":{"@id":"https:\/\/tekraad.no\/aktuelt\/fagdag-ns17206\/"},"author":{"name":"Ida Christine","@id":"https:\/\/tekraad.no\/#\/schema\/person\/73c8db93eef1841625b401429b342551"},"headline":"TR\u00c5D arrangerer fagdag","datePublished":"2023-10-17T10:43:00+00:00","dateModified":"2026-01-26T09:57:12+00:00","mainEntityOfPage":{"@id":"https:\/\/tekraad.no\/aktuelt\/fagdag-ns17206\/"},"wordCount":227,"commentCount":0,"publisher":{"@id":"https:\/\/tekraad.no\/#organization"},"image":{"@id":"https:\/\/tekraad.no\/aktuelt\/fagdag-ns17206\/#primaryimage"},"thumbnailUrl":"https:\/\/tekraad.no\/wp-content\/uploads\/2025\/11\/DSC3400.jpg","keywords":["Flere bilder"],"articleSection":["Aktuelt"],"inLanguage":"en-GB","potentialAction":[{"@type":"CommentAction","name":"Comment","target":["https:\/\/tekraad.no\/aktuelt\/fagdag-ns17206\/#respond"]}]},{"@type":"WebPage","@id":"https:\/\/tekraad.no\/aktuelt\/fagdag-ns17206\/","url":"https:\/\/tekraad.no\/aktuelt\/fagdag-ns17206\/","name":"NS-EN 17206 seminar | TR\u00c5D AS","isPartOf":{"@id":"https:\/\/tekraad.no\/#website"},"primaryImageOfPage":{"@id":"https:\/\/tekraad.no\/aktuelt\/fagdag-ns17206\/#primaryimage"},"image":{"@id":"https:\/\/tekraad.no\/aktuelt\/fagdag-ns17206\/#primaryimage"},"thumbnailUrl":"https:\/\/tekraad.no\/wp-content\/uploads\/2025\/11\/DSC3400.jpg","datePublished":"2023-10-17T10:43:00+00:00","dateModified":"2026-01-26T09:57:12+00:00","description":"TR\u00c5D AS invites you to a seminar on NS-EN 17206 \u2013 the standard for stage machinery. Learn about regulations, background and practical application in projects.","breadcrumb":{"@id":"https:\/\/tekraad.no\/aktuelt\/fagdag-ns17206\/#breadcrumb"},"inLanguage":"en-GB","potentialAction":[{"@type":"ReadAction","target":["https:\/\/tekraad.no\/aktuelt\/fagdag-ns17206\/"]}]},{"@type":"ImageObject","inLanguage":"en-GB","@id":"https:\/\/tekraad.no\/aktuelt\/fagdag-ns17206\/#primaryimage","url":"https:\/\/tekraad.no\/wp-content\/uploads\/2025\/11\/DSC3400.jpg","contentUrl":"https:\/\/tekraad.no\/wp-content\/uploads\/2025\/11\/DSC3400.jpg","width":2048,"height":1365,"caption":"Et kunstnerisk n\u00e6rbilde med lav dybdeskarphet av teknisk utstyr. Flere svarte enheter med lysende bl\u00e5 dioder st\u00e5r p\u00e5 rekke, med tykke oransje og svarte kabler som l\u00f8per diagonalt over bildefeltet."},{"@type":"BreadcrumbList","@id":"https:\/\/tekraad.no\/aktuelt\/fagdag-ns17206\/#breadcrumb","itemListElement":[{"@type":"ListItem","position":1,"name":"Hjem","item":"https:\/\/tekraad.no\/"},{"@type":"ListItem","position":2,"name":"TR\u00c5D arrangerer fagdag"}]},{"@type":"WebSite","@id":"https:\/\/tekraad.no\/#website","url":"https:\/\/tekraad.no\/","name":"TR\u00c5D AS","description":"Teknisk r\u00e5dgivning innen lyd, lys, bilde og scene","publisher":{"@id":"https:\/\/tekraad.no\/#organization"},"alternateName":"TR\u00c5D AS","potentialAction":[{"@type":"SearchAction","target":{"@type":"EntryPoint","urlTemplate":"https:\/\/tekraad.no\/?s={search_term_string}"},"query-input":{"@type":"PropertyValueSpecification","valueRequired":true,"valueName":"search_term_string"}}],"inLanguage":"en-GB"},{"@type":"Organization","@id":"https:\/\/tekraad.no\/#organization","name":"TR\u00c5D AS","alternateName":"TR\u00c5D AS","url":"https:\/\/tekraad.no\/","logo":{"@type":"ImageObject","inLanguage":"en-GB","@id":"https:\/\/tekraad.no\/#\/schema\/logo\/image\/","url":"https:\/\/tekraad.no\/wp-content\/uploads\/2025\/10\/Logo-hvit-tekst-u-bakgrunn-e1763987293366.png","contentUrl":"https:\/\/tekraad.no\/wp-content\/uploads\/2025\/10\/Logo-hvit-tekst-u-bakgrunn-e1763987293366.png","width":1450,"height":602,"caption":"TR\u00c5D AS"},"image":{"@id":"https:\/\/tekraad.no\/#\/schema\/logo\/image\/"},"sameAs":["https:\/\/www.facebook.com\/traadface\/?locale=nb_NO","https:\/\/no.linkedin.com\/company\/tekraad"]},{"@type":"Person","@id":"https:\/\/tekraad.no\/#\/schema\/person\/73c8db93eef1841625b401429b342551","name":"Ida Christine","image":{"@type":"ImageObject","inLanguage":"en-GB","@id":"https:\/\/secure.gravatar.com\/avatar\/46bf5731d6e5f54c2b451c4f4c6756ccc3a79bfb90b2abd1e0bf3cea153cb2c8?s=96&d=mm&r=g","url":"https:\/\/secure.gravatar.com\/avatar\/46bf5731d6e5f54c2b451c4f4c6756ccc3a79bfb90b2abd1e0bf3cea153cb2c8?s=96&d=mm&r=g","contentUrl":"https:\/\/secure.gravatar.com\/avatar\/46bf5731d6e5f54c2b451c4f4c6756ccc3a79bfb90b2abd1e0bf3cea153cb2c8?s=96&d=mm&r=g","caption":"Ida Christine"},"sameAs":["https:\/\/trad.hornstaging.no"],"url":"https:\/\/tekraad.no\/en\/author\/ida-christine\/"}]}},"_links":{"self":[{"href":"https:\/\/tekraad.no\/en\/wp-json\/wp\/v2\/posts\/370","targetHints":{"allow":["GET"]}}],"collection":[{"href":"https:\/\/tekraad.no\/en\/wp-json\/wp\/v2\/posts"}],"about":[{"href":"https:\/\/tekraad.no\/en\/wp-json\/wp\/v2\/types\/post"}],"author":[{"embeddable":true,"href":"https:\/\/tekraad.no\/en\/wp-json\/wp\/v2\/users\/1"}],"replies":[{"embeddable":true,"href":"https:\/\/tekraad.no\/en\/wp-json\/wp\/v2\/comments?post=370"}],"version-history":[{"count":2,"href":"https:\/\/tekraad.no\/en\/wp-json\/wp\/v2\/posts\/370\/revisions"}],"predecessor-version":[{"id":386,"href":"https:\/\/tekraad.no\/en\/wp-json\/wp\/v2\/posts\/370\/revisions\/386"}],"wp:featuredmedia":[{"embeddable":true,"href":"https:\/\/tekraad.no\/en\/wp-json\/wp\/v2\/media\/380"}],"wp:attachment":[{"href":"https:\/\/tekraad.no\/en\/wp-json\/wp\/v2\/media?parent=370"}],"wp:term":[{"taxonomy":"category","embeddable":true,"href":"https:\/\/tekraad.no\/en\/wp-json\/wp\/v2\/categories?post=370"},{"taxonomy":"post_tag","embeddable":true,"href":"https:\/\/tekraad.no\/en\/wp-json\/wp\/v2\/tags?post=370"}],"curies":[{"name":"wp","href":"https:\/\/api.w.org\/{rel}","templated":true}]}}