{"id":368,"date":"2023-02-16T12:43:00","date_gmt":"2023-02-16T11:43:00","guid":{"rendered":"https:\/\/trad.hornstaging.no\/?p=368"},"modified":"2026-01-26T10:57:22","modified_gmt":"2026-01-26T09:57:22","slug":"time-church","status":"publish","type":"post","link":"https:\/\/tekraad.no\/en\/aktuelt\/time-kyrkje\/","title":{"rendered":"Time Church upgrades its sound system"},"content":{"rendered":"<p>Time Church has completed a procurement process in which its audio systems have been upgraded. TR\u00c5D assisted the church with solution recommendations, ensuring that daily needs remained central while staying within the client\u2019s financial framework.<\/p>\n\n\n\n<p>Time Church was opened in 1859, and aesthetics were an important consideration. The new audio system needed to provide excellent speech clarity while also supporting a digital church organ and cultural events. The solution had to offer low user thresholds for everyday operation. To achieve the smallest possible visual footprint, the loudspeakers in the church interior were required to have a slim design and a light colour. For wireless microphones, it was also important that the antenna solution had a discreet design.<\/p>\n\n\n\n<p>Some of the existing infrastructure and equipment has been reused and optimised during the installation of the modern system. The audio system can be operated either via a simple control panel or through a manual digital mixer for extended use. In addition, hearing loops with good coverage have been installed for all listeners.<\/p>\n\n\n\n<p>TR\u00c5D thanks you for your trust and congratulates you on the new installation!<\/p>\n\n\n\n<figure class=\"wp-block-gallery has-nested-images columns-default is-cropped wp-block-gallery-1 is-layout-flex wp-block-gallery-is-layout-flex\">\n<figure class=\"wp-block-image size-large\"><img fetchpriority=\"high\" decoding=\"async\" width=\"980\" height=\"654\" data-id=\"371\" src=\"https:\/\/trad.hornstaging.no\/wp-content\/uploads\/2025\/11\/Galleri-bak-v.-15mm-980x654-1.jpg\" alt=\"\" class=\"wp-image-371\" srcset=\"https:\/\/tekraad.no\/wp-content\/uploads\/2025\/11\/Galleri-bak-v.-15mm-980x654-1.jpg 980w, https:\/\/tekraad.no\/wp-content\/uploads\/2025\/11\/Galleri-bak-v.-15mm-980x654-1-300x200.jpg 300w, https:\/\/tekraad.no\/wp-content\/uploads\/2025\/11\/Galleri-bak-v.-15mm-980x654-1-768x513.jpg 768w, https:\/\/tekraad.no\/wp-content\/uploads\/2025\/11\/Galleri-bak-v.-15mm-980x654-1-18x12.jpg 18w\" sizes=\"(max-width: 980px) 100vw, 980px\" \/><\/figure>\n\n\n\n<figure class=\"wp-block-image size-large\"><img decoding=\"async\" width=\"1024\" height=\"684\" data-id=\"372\" src=\"https:\/\/trad.hornstaging.no\/wp-content\/uploads\/2025\/11\/Alterring-15mm-scaled-1-1024x684.jpg\" alt=\"\" class=\"wp-image-372\" srcset=\"https:\/\/tekraad.no\/wp-content\/uploads\/2025\/11\/Alterring-15mm-scaled-1-1024x684.jpg 1024w, https:\/\/tekraad.no\/wp-content\/uploads\/2025\/11\/Alterring-15mm-scaled-1-300x200.jpg 300w, https:\/\/tekraad.no\/wp-content\/uploads\/2025\/11\/Alterring-15mm-scaled-1-768x513.jpg 768w, https:\/\/tekraad.no\/wp-content\/uploads\/2025\/11\/Alterring-15mm-scaled-1-1536x1025.jpg 1536w, https:\/\/tekraad.no\/wp-content\/uploads\/2025\/11\/Alterring-15mm-scaled-1.jpg 2048w, https:\/\/tekraad.no\/wp-content\/uploads\/2025\/11\/Alterring-15mm-scaled-1-18x12.jpg 18w\" sizes=\"(max-width: 1024px) 100vw, 1024px\" \/><\/figure>\n\n\n\n<figure class=\"wp-block-image size-large\"><img decoding=\"async\" width=\"980\" height=\"654\" data-id=\"373\" src=\"https:\/\/trad.hornstaging.no\/wp-content\/uploads\/2025\/11\/Galleri-bak-v.-15mm-1-980x654-1.jpg\" alt=\"\" class=\"wp-image-373\" srcset=\"https:\/\/tekraad.no\/wp-content\/uploads\/2025\/11\/Galleri-bak-v.-15mm-1-980x654-1.jpg 980w, https:\/\/tekraad.no\/wp-content\/uploads\/2025\/11\/Galleri-bak-v.-15mm-1-980x654-1-300x200.jpg 300w, https:\/\/tekraad.no\/wp-content\/uploads\/2025\/11\/Galleri-bak-v.-15mm-1-980x654-1-768x513.jpg 768w, https:\/\/tekraad.no\/wp-content\/uploads\/2025\/11\/Galleri-bak-v.-15mm-1-980x654-1-18x12.jpg 18w\" sizes=\"(max-width: 980px) 100vw, 980px\" \/><\/figure>\n\n\n\n<figure class=\"wp-block-image size-large\"><img loading=\"lazy\" decoding=\"async\" width=\"980\" height=\"654\" data-id=\"374\" src=\"https:\/\/trad.hornstaging.no\/wp-content\/uploads\/2025\/11\/Galleri-framme-15mm-980x654-1.jpg\" alt=\"\" class=\"wp-image-374\" srcset=\"https:\/\/tekraad.no\/wp-content\/uploads\/2025\/11\/Galleri-framme-15mm-980x654-1.jpg 980w, https:\/\/tekraad.no\/wp-content\/uploads\/2025\/11\/Galleri-framme-15mm-980x654-1-300x200.jpg 300w, https:\/\/tekraad.no\/wp-content\/uploads\/2025\/11\/Galleri-framme-15mm-980x654-1-768x513.jpg 768w, https:\/\/tekraad.no\/wp-content\/uploads\/2025\/11\/Galleri-framme-15mm-980x654-1-18x12.jpg 18w\" sizes=\"(max-width: 980px) 100vw, 980px\" \/><\/figure>\n<\/figure>\n\n\n\n<p>TR\u00c5D is here to help you find the best technical solution. Do you have questions, challenges, plans or issues related to audiovisual systems, sound solutions, stage lighting or stage machinery?<\/p>\n\n\n\n<p><strong>Get in touch for a non-binding chat. Together, we\u2019ll find out how we can support you.<\/strong><\/p>","protected":false},"excerpt":{"rendered":"<p>Time Church upgraded its audio solution with TR\u00c5D AS as consultant. The focus was aesthetics, speech clarity, user-friendliness and modern technology, combined with preservation of existing infrastructure.<\/p>","protected":false},"author":1,"featured_media":372,"comment_status":"open","ping_status":"open","sticky":false,"template":"","format":"standard","meta":{"_acf_changed":false,"footnotes":""},"categories":[1],"tags":[18],"class_list":["post-368","post","type-post","status-publish","format-standard","has-post-thumbnail","hentry","category-aktuelt","tag-flere-bilder"],"acf":[],"yoast_head":"<!-- This site is optimized with the Yoast SEO plugin v27.3 - https:\/\/yoast.com\/product\/yoast-seo-wordpress\/ -->\n<title>Oppgradert lydl\u00f8sning i Time kyrkje med diskret design<\/title>\n<meta name=\"description\" content=\"TR\u00c5D AS leverte ny lydl\u00f8sning til Time kyrkje \u2013 med fokus p\u00e5 taletydelighet, brukervennlighet og estetikk i fredet kirkebygg.\" \/>\n<meta name=\"robots\" content=\"index, follow, max-snippet:-1, max-image-preview:large, max-video-preview:-1\" \/>\n<link rel=\"canonical\" href=\"https:\/\/tekraad.no\/en\/news\/time-church\/\" \/>\n<meta property=\"og:locale\" content=\"en_GB\" \/>\n<meta property=\"og:type\" content=\"article\" \/>\n<meta property=\"og:title\" content=\"Oppgradert lydl\u00f8sning i Time kyrkje med diskret design\" \/>\n<meta property=\"og:description\" content=\"TR\u00c5D AS leverte ny lydl\u00f8sning til Time kyrkje \u2013 med fokus p\u00e5 taletydelighet, brukervennlighet og estetikk i fredet kirkebygg.\" \/>\n<meta property=\"og:url\" content=\"https:\/\/tekraad.no\/en\/news\/time-church\/\" \/>\n<meta property=\"og:site_name\" content=\"TR\u00c5D AS\" \/>\n<meta property=\"article:publisher\" content=\"https:\/\/www.facebook.com\/traadface\/?locale=nb_NO\" \/>\n<meta property=\"article:published_time\" content=\"2023-02-16T11:43:00+00:00\" \/>\n<meta property=\"article:modified_time\" content=\"2026-01-26T09:57:22+00:00\" \/>\n<meta property=\"og:image\" content=\"https:\/\/tekraad.no\/wp-content\/uploads\/2025\/11\/Alterring-15mm-scaled-1.jpg\" \/>\n\t<meta property=\"og:image:width\" content=\"2048\" \/>\n\t<meta property=\"og:image:height\" content=\"1367\" \/>\n\t<meta property=\"og:image:type\" content=\"image\/jpeg\" \/>\n<meta name=\"author\" content=\"Ida Christine\" \/>\n<meta name=\"twitter:card\" content=\"summary_large_image\" \/>\n<meta name=\"twitter:label1\" content=\"Written by\" \/>\n\t<meta name=\"twitter:data1\" content=\"Ida Christine\" \/>\n\t<meta name=\"twitter:label2\" content=\"Estimated reading time\" \/>\n\t<meta name=\"twitter:data2\" content=\"3 minutes\" \/>\n<script type=\"application\/ld+json\" class=\"yoast-schema-graph\">{\"@context\":\"https:\\\/\\\/schema.org\",\"@graph\":[{\"@type\":\"Article\",\"@id\":\"https:\\\/\\\/tekraad.no\\\/aktuelt\\\/time-kyrkje\\\/#article\",\"isPartOf\":{\"@id\":\"https:\\\/\\\/tekraad.no\\\/aktuelt\\\/time-kyrkje\\\/\"},\"author\":{\"name\":\"Ida Christine\",\"@id\":\"https:\\\/\\\/tekraad.no\\\/#\\\/schema\\\/person\\\/73c8db93eef1841625b401429b342551\"},\"headline\":\"Time kyrkje oppgraderer lydl\u00f8sning\",\"datePublished\":\"2023-02-16T11:43:00+00:00\",\"dateModified\":\"2026-01-26T09:57:22+00:00\",\"mainEntityOfPage\":{\"@id\":\"https:\\\/\\\/tekraad.no\\\/aktuelt\\\/time-kyrkje\\\/\"},\"wordCount\":219,\"commentCount\":0,\"publisher\":{\"@id\":\"https:\\\/\\\/tekraad.no\\\/#organization\"},\"image\":{\"@id\":\"https:\\\/\\\/tekraad.no\\\/aktuelt\\\/time-kyrkje\\\/#primaryimage\"},\"thumbnailUrl\":\"https:\\\/\\\/tekraad.no\\\/wp-content\\\/uploads\\\/2025\\\/11\\\/Alterring-15mm-scaled-1.jpg\",\"keywords\":[\"Flere bilder\"],\"articleSection\":[\"Aktuelt\"],\"inLanguage\":\"en-GB\",\"potentialAction\":[{\"@type\":\"CommentAction\",\"name\":\"Comment\",\"target\":[\"https:\\\/\\\/tekraad.no\\\/aktuelt\\\/time-kyrkje\\\/#respond\"]}]},{\"@type\":\"WebPage\",\"@id\":\"https:\\\/\\\/tekraad.no\\\/aktuelt\\\/time-kyrkje\\\/\",\"url\":\"https:\\\/\\\/tekraad.no\\\/aktuelt\\\/time-kyrkje\\\/\",\"name\":\"Oppgradert lydl\u00f8sning i Time kyrkje med diskret design\",\"isPartOf\":{\"@id\":\"https:\\\/\\\/tekraad.no\\\/#website\"},\"primaryImageOfPage\":{\"@id\":\"https:\\\/\\\/tekraad.no\\\/aktuelt\\\/time-kyrkje\\\/#primaryimage\"},\"image\":{\"@id\":\"https:\\\/\\\/tekraad.no\\\/aktuelt\\\/time-kyrkje\\\/#primaryimage\"},\"thumbnailUrl\":\"https:\\\/\\\/tekraad.no\\\/wp-content\\\/uploads\\\/2025\\\/11\\\/Alterring-15mm-scaled-1.jpg\",\"datePublished\":\"2023-02-16T11:43:00+00:00\",\"dateModified\":\"2026-01-26T09:57:22+00:00\",\"description\":\"TR\u00c5D AS leverte ny lydl\u00f8sning til Time kyrkje \u2013 med fokus p\u00e5 taletydelighet, brukervennlighet og estetikk i fredet kirkebygg.\",\"breadcrumb\":{\"@id\":\"https:\\\/\\\/tekraad.no\\\/aktuelt\\\/time-kyrkje\\\/#breadcrumb\"},\"inLanguage\":\"en-GB\",\"potentialAction\":[{\"@type\":\"ReadAction\",\"target\":[\"https:\\\/\\\/tekraad.no\\\/aktuelt\\\/time-kyrkje\\\/\"]}]},{\"@type\":\"ImageObject\",\"inLanguage\":\"en-GB\",\"@id\":\"https:\\\/\\\/tekraad.no\\\/aktuelt\\\/time-kyrkje\\\/#primaryimage\",\"url\":\"https:\\\/\\\/tekraad.no\\\/wp-content\\\/uploads\\\/2025\\\/11\\\/Alterring-15mm-scaled-1.jpg\",\"contentUrl\":\"https:\\\/\\\/tekraad.no\\\/wp-content\\\/uploads\\\/2025\\\/11\\\/Alterring-15mm-scaled-1.jpg\",\"width\":2048,\"height\":1367,\"caption\":\"Innsiden av en kirke sett fra alteromr\u00e5det mot inngangen. En r\u00f8d l\u00f8per strekker seg nedover midtgangen mellom de bl\u00e5 kirkebenkene. Til venstre ses en hvit prekestol med trapp, og i bakgrunnen ser man kirkeorgelet p\u00e5 galleriet.\"},{\"@type\":\"BreadcrumbList\",\"@id\":\"https:\\\/\\\/tekraad.no\\\/aktuelt\\\/time-kyrkje\\\/#breadcrumb\",\"itemListElement\":[{\"@type\":\"ListItem\",\"position\":1,\"name\":\"Hjem\",\"item\":\"https:\\\/\\\/tekraad.no\\\/\"},{\"@type\":\"ListItem\",\"position\":2,\"name\":\"Time kyrkje oppgraderer lydl\u00f8sning\"}]},{\"@type\":\"WebSite\",\"@id\":\"https:\\\/\\\/tekraad.no\\\/#website\",\"url\":\"https:\\\/\\\/tekraad.no\\\/\",\"name\":\"TR\u00c5D AS\",\"description\":\"Teknisk r\u00e5dgivning innen lyd, lys, bilde og scene\",\"publisher\":{\"@id\":\"https:\\\/\\\/tekraad.no\\\/#organization\"},\"alternateName\":\"TR\u00c5D AS\",\"potentialAction\":[{\"@type\":\"SearchAction\",\"target\":{\"@type\":\"EntryPoint\",\"urlTemplate\":\"https:\\\/\\\/tekraad.no\\\/?s={search_term_string}\"},\"query-input\":{\"@type\":\"PropertyValueSpecification\",\"valueRequired\":true,\"valueName\":\"search_term_string\"}}],\"inLanguage\":\"en-GB\"},{\"@type\":\"Organization\",\"@id\":\"https:\\\/\\\/tekraad.no\\\/#organization\",\"name\":\"TR\u00c5D AS\",\"alternateName\":\"TR\u00c5D AS\",\"url\":\"https:\\\/\\\/tekraad.no\\\/\",\"logo\":{\"@type\":\"ImageObject\",\"inLanguage\":\"en-GB\",\"@id\":\"https:\\\/\\\/tekraad.no\\\/#\\\/schema\\\/logo\\\/image\\\/\",\"url\":\"https:\\\/\\\/tekraad.no\\\/wp-content\\\/uploads\\\/2025\\\/10\\\/Logo-hvit-tekst-u-bakgrunn-e1763987293366.png\",\"contentUrl\":\"https:\\\/\\\/tekraad.no\\\/wp-content\\\/uploads\\\/2025\\\/10\\\/Logo-hvit-tekst-u-bakgrunn-e1763987293366.png\",\"width\":1450,\"height\":602,\"caption\":\"TR\u00c5D AS\"},\"image\":{\"@id\":\"https:\\\/\\\/tekraad.no\\\/#\\\/schema\\\/logo\\\/image\\\/\"},\"sameAs\":[\"https:\\\/\\\/www.facebook.com\\\/traadface\\\/?locale=nb_NO\",\"https:\\\/\\\/no.linkedin.com\\\/company\\\/tekraad\"]},{\"@type\":\"Person\",\"@id\":\"https:\\\/\\\/tekraad.no\\\/#\\\/schema\\\/person\\\/73c8db93eef1841625b401429b342551\",\"name\":\"Ida Christine\",\"image\":{\"@type\":\"ImageObject\",\"inLanguage\":\"en-GB\",\"@id\":\"https:\\\/\\\/secure.gravatar.com\\\/avatar\\\/46bf5731d6e5f54c2b451c4f4c6756ccc3a79bfb90b2abd1e0bf3cea153cb2c8?s=96&d=mm&r=g\",\"url\":\"https:\\\/\\\/secure.gravatar.com\\\/avatar\\\/46bf5731d6e5f54c2b451c4f4c6756ccc3a79bfb90b2abd1e0bf3cea153cb2c8?s=96&d=mm&r=g\",\"contentUrl\":\"https:\\\/\\\/secure.gravatar.com\\\/avatar\\\/46bf5731d6e5f54c2b451c4f4c6756ccc3a79bfb90b2abd1e0bf3cea153cb2c8?s=96&d=mm&r=g\",\"caption\":\"Ida Christine\"},\"sameAs\":[\"https:\\\/\\\/trad.hornstaging.no\"],\"url\":\"https:\\\/\\\/tekraad.no\\\/en\\\/author\\\/ida-christine\\\/\"}]}<\/script>\n<!-- \/ Yoast SEO plugin. -->","yoast_head_json":{"title":"Upgraded sound system in Time Church with discreet design","description":"TR\u00c5D AS delivered a new sound solution for Time Church \u2013 with a focus on speech clarity, user-friendliness and aesthetics in a protected church building.","robots":{"index":"index","follow":"follow","max-snippet":"max-snippet:-1","max-image-preview":"max-image-preview:large","max-video-preview":"max-video-preview:-1"},"canonical":"https:\/\/tekraad.no\/en\/news\/time-church\/","og_locale":"en_GB","og_type":"article","og_title":"Oppgradert lydl\u00f8sning i Time kyrkje med diskret design","og_description":"TR\u00c5D AS leverte ny lydl\u00f8sning til Time kyrkje \u2013 med fokus p\u00e5 taletydelighet, brukervennlighet og estetikk i fredet kirkebygg.","og_url":"https:\/\/tekraad.no\/en\/news\/time-church\/","og_site_name":"TR\u00c5D AS","article_publisher":"https:\/\/www.facebook.com\/traadface\/?locale=nb_NO","article_published_time":"2023-02-16T11:43:00+00:00","article_modified_time":"2026-01-26T09:57:22+00:00","og_image":[{"width":2048,"height":1367,"url":"https:\/\/tekraad.no\/wp-content\/uploads\/2025\/11\/Alterring-15mm-scaled-1.jpg","type":"image\/jpeg"}],"author":"Ida Christine","twitter_card":"summary_large_image","twitter_misc":{"Written by":"Ida Christine","Estimated reading time":"3 minutes"},"schema":{"@context":"https:\/\/schema.org","@graph":[{"@type":"Article","@id":"https:\/\/tekraad.no\/aktuelt\/time-kyrkje\/#article","isPartOf":{"@id":"https:\/\/tekraad.no\/aktuelt\/time-kyrkje\/"},"author":{"name":"Ida Christine","@id":"https:\/\/tekraad.no\/#\/schema\/person\/73c8db93eef1841625b401429b342551"},"headline":"Time kyrkje oppgraderer lydl\u00f8sning","datePublished":"2023-02-16T11:43:00+00:00","dateModified":"2026-01-26T09:57:22+00:00","mainEntityOfPage":{"@id":"https:\/\/tekraad.no\/aktuelt\/time-kyrkje\/"},"wordCount":219,"commentCount":0,"publisher":{"@id":"https:\/\/tekraad.no\/#organization"},"image":{"@id":"https:\/\/tekraad.no\/aktuelt\/time-kyrkje\/#primaryimage"},"thumbnailUrl":"https:\/\/tekraad.no\/wp-content\/uploads\/2025\/11\/Alterring-15mm-scaled-1.jpg","keywords":["Flere bilder"],"articleSection":["Aktuelt"],"inLanguage":"en-GB","potentialAction":[{"@type":"CommentAction","name":"Comment","target":["https:\/\/tekraad.no\/aktuelt\/time-kyrkje\/#respond"]}]},{"@type":"WebPage","@id":"https:\/\/tekraad.no\/aktuelt\/time-kyrkje\/","url":"https:\/\/tekraad.no\/aktuelt\/time-kyrkje\/","name":"Upgraded sound system in Time Church with discreet design","isPartOf":{"@id":"https:\/\/tekraad.no\/#website"},"primaryImageOfPage":{"@id":"https:\/\/tekraad.no\/aktuelt\/time-kyrkje\/#primaryimage"},"image":{"@id":"https:\/\/tekraad.no\/aktuelt\/time-kyrkje\/#primaryimage"},"thumbnailUrl":"https:\/\/tekraad.no\/wp-content\/uploads\/2025\/11\/Alterring-15mm-scaled-1.jpg","datePublished":"2023-02-16T11:43:00+00:00","dateModified":"2026-01-26T09:57:22+00:00","description":"TR\u00c5D AS delivered a new sound solution for Time Church \u2013 with a focus on speech clarity, user-friendliness and aesthetics in a protected church building.","breadcrumb":{"@id":"https:\/\/tekraad.no\/aktuelt\/time-kyrkje\/#breadcrumb"},"inLanguage":"en-GB","potentialAction":[{"@type":"ReadAction","target":["https:\/\/tekraad.no\/aktuelt\/time-kyrkje\/"]}]},{"@type":"ImageObject","inLanguage":"en-GB","@id":"https:\/\/tekraad.no\/aktuelt\/time-kyrkje\/#primaryimage","url":"https:\/\/tekraad.no\/wp-content\/uploads\/2025\/11\/Alterring-15mm-scaled-1.jpg","contentUrl":"https:\/\/tekraad.no\/wp-content\/uploads\/2025\/11\/Alterring-15mm-scaled-1.jpg","width":2048,"height":1367,"caption":"Innsiden av en kirke sett fra alteromr\u00e5det mot inngangen. En r\u00f8d l\u00f8per strekker seg nedover midtgangen mellom de bl\u00e5 kirkebenkene. Til venstre ses en hvit prekestol med trapp, og i bakgrunnen ser man kirkeorgelet p\u00e5 galleriet."},{"@type":"BreadcrumbList","@id":"https:\/\/tekraad.no\/aktuelt\/time-kyrkje\/#breadcrumb","itemListElement":[{"@type":"ListItem","position":1,"name":"Hjem","item":"https:\/\/tekraad.no\/"},{"@type":"ListItem","position":2,"name":"Time kyrkje oppgraderer lydl\u00f8sning"}]},{"@type":"WebSite","@id":"https:\/\/tekraad.no\/#website","url":"https:\/\/tekraad.no\/","name":"TR\u00c5D AS","description":"Teknisk r\u00e5dgivning innen lyd, lys, bilde og scene","publisher":{"@id":"https:\/\/tekraad.no\/#organization"},"alternateName":"TR\u00c5D AS","potentialAction":[{"@type":"SearchAction","target":{"@type":"EntryPoint","urlTemplate":"https:\/\/tekraad.no\/?s={search_term_string}"},"query-input":{"@type":"PropertyValueSpecification","valueRequired":true,"valueName":"search_term_string"}}],"inLanguage":"en-GB"},{"@type":"Organization","@id":"https:\/\/tekraad.no\/#organization","name":"TR\u00c5D AS","alternateName":"TR\u00c5D AS","url":"https:\/\/tekraad.no\/","logo":{"@type":"ImageObject","inLanguage":"en-GB","@id":"https:\/\/tekraad.no\/#\/schema\/logo\/image\/","url":"https:\/\/tekraad.no\/wp-content\/uploads\/2025\/10\/Logo-hvit-tekst-u-bakgrunn-e1763987293366.png","contentUrl":"https:\/\/tekraad.no\/wp-content\/uploads\/2025\/10\/Logo-hvit-tekst-u-bakgrunn-e1763987293366.png","width":1450,"height":602,"caption":"TR\u00c5D AS"},"image":{"@id":"https:\/\/tekraad.no\/#\/schema\/logo\/image\/"},"sameAs":["https:\/\/www.facebook.com\/traadface\/?locale=nb_NO","https:\/\/no.linkedin.com\/company\/tekraad"]},{"@type":"Person","@id":"https:\/\/tekraad.no\/#\/schema\/person\/73c8db93eef1841625b401429b342551","name":"Ida Christine","image":{"@type":"ImageObject","inLanguage":"en-GB","@id":"https:\/\/secure.gravatar.com\/avatar\/46bf5731d6e5f54c2b451c4f4c6756ccc3a79bfb90b2abd1e0bf3cea153cb2c8?s=96&d=mm&r=g","url":"https:\/\/secure.gravatar.com\/avatar\/46bf5731d6e5f54c2b451c4f4c6756ccc3a79bfb90b2abd1e0bf3cea153cb2c8?s=96&d=mm&r=g","contentUrl":"https:\/\/secure.gravatar.com\/avatar\/46bf5731d6e5f54c2b451c4f4c6756ccc3a79bfb90b2abd1e0bf3cea153cb2c8?s=96&d=mm&r=g","caption":"Ida Christine"},"sameAs":["https:\/\/trad.hornstaging.no"],"url":"https:\/\/tekraad.no\/en\/author\/ida-christine\/"}]}},"_links":{"self":[{"href":"https:\/\/tekraad.no\/en\/wp-json\/wp\/v2\/posts\/368","targetHints":{"allow":["GET"]}}],"collection":[{"href":"https:\/\/tekraad.no\/en\/wp-json\/wp\/v2\/posts"}],"about":[{"href":"https:\/\/tekraad.no\/en\/wp-json\/wp\/v2\/types\/post"}],"author":[{"embeddable":true,"href":"https:\/\/tekraad.no\/en\/wp-json\/wp\/v2\/users\/1"}],"replies":[{"embeddable":true,"href":"https:\/\/tekraad.no\/en\/wp-json\/wp\/v2\/comments?post=368"}],"version-history":[{"count":2,"href":"https:\/\/tekraad.no\/en\/wp-json\/wp\/v2\/posts\/368\/revisions"}],"predecessor-version":[{"id":384,"href":"https:\/\/tekraad.no\/en\/wp-json\/wp\/v2\/posts\/368\/revisions\/384"}],"wp:featuredmedia":[{"embeddable":true,"href":"https:\/\/tekraad.no\/en\/wp-json\/wp\/v2\/media\/372"}],"wp:attachment":[{"href":"https:\/\/tekraad.no\/en\/wp-json\/wp\/v2\/media?parent=368"}],"wp:term":[{"taxonomy":"category","embeddable":true,"href":"https:\/\/tekraad.no\/en\/wp-json\/wp\/v2\/categories?post=368"},{"taxonomy":"post_tag","embeddable":true,"href":"https:\/\/tekraad.no\/en\/wp-json\/wp\/v2\/tags?post=368"}],"curies":[{"name":"wp","href":"https:\/\/api.w.org\/{rel}","templated":true}]}}